{"id":65803,"date":"2024-02-29T15:12:00","date_gmt":"2024-02-29T21:12:00","guid":{"rendered":"http:\/\/www.zonaroja.com.mx\/?p=65803"},"modified":"2024-02-29T08:13:44","modified_gmt":"2024-02-29T14:13:44","slug":"designa-congreso-a-integrantes-del-consejo-ciudadano-de-busqueda-de-desaparecidos","status":"publish","type":"post","link":"https:\/\/zonaroja.com.mx\/?p=65803","title":{"rendered":"Designa Congreso a integrantes del Consejo Ciudadano de B\u00fasqueda de Desaparecidos"},"content":{"rendered":"\n<p>Redacci\u00f3n\/Zona Roja.<\/p>\n\n\n\n<p>Oaxaca de Ju\u00e1rez, Oax., a 29 de febrero de 2024.- De conformidad con la Constituci\u00f3n local y el art\u00edculo 38 de la Ley en Materia de Desaparici\u00f3n de Personas del Estado, el Pleno de la 65 Legislatura local aprob\u00f3 con 34 votos a favor, la integraci\u00f3n del Consejo Estatal Ciudadano de B\u00fasqueda de Personas Desaparecidas para el Estado de Oaxaca.<\/p>\n\n\n\n<p>La presidenta de la Comisi\u00f3n Permanente de Administraci\u00f3n y Procuraci\u00f3n de Justicia, Lizett Arroyo Rodr\u00edguez, refiri\u00f3 que luego de la publicaci\u00f3n de la convocatoria el 23 de septiembre de 2022 para la elecci\u00f3n de cinco integrantes propietarios y suplentes de dicho Consejo, el 31 de octubre de ese a\u00f1o, integrantes de nueve asociaciones y colectivos de b\u00fasqueda de personas remitieron el acta mediante el cual designan a dichas personas integrantes a lo que refiere la fracci\u00f3n I del art\u00edculo 38 de la Ley en Materia de Desaparici\u00f3n de Personas del Estado.<\/p>\n\n\n\n<p>Detall\u00f3 que esta fracci\u00f3n establece que este Consejo Estatal Ciudadano debe estar integrado por cinco miembros designados, en consenso, por los grupos o colectivos de personas desaparecidas en el estado, y solo podr\u00e1n ser familiares de las v\u00edctimas; as\u00ed tambi\u00e9n por un miembro de la academia, dos expertos en la materia de la Ley General; y dos personas defensoras de derechos humanos.<\/p>\n\n\n\n<p>De acuerdo con el dictamen emitido por la comisi\u00f3n legislativa mencionada, para la designaci\u00f3n de las y los propietarios, as\u00ed como sus suplentes de este Consejo Estatal Ciudadano, se cumpli\u00f3 con los requisitos establecidos en la ley, \u201ctoda vez que tanto los Colectivos de V\u00edctimas, v\u00edctimas indirectas, personas expertas y organizaciones de la sociedad civil, as\u00ed como los integrantes de esta Comisi\u00f3n Dictaminadora han certificado su cumplimiento\u201d.<\/p>\n\n\n\n<p>Los representantes a que se refiere la fracci\u00f3n I del art\u00edculo 38 de la Ley en Materia de Desaparici\u00f3n de Personas de Oaxaca, ser\u00e1n designados por cada uno de los colectivos de familias de personas desaparecidas; y los integrantes mencionados en las fracciones II, III, y IV ser\u00e1n designados por el Congreso del Estado de Oaxaca, con el consenso de los colectivos y ratificados por el titular del Poder Ejecutivo del Estado. Adem\u00e1s, cada integrante titular tendr\u00e1 un suplente.<\/p>\n\n\n\n<p>Con base a ello, dicho Consejo qued\u00f3 conformado por los cinco miembros designados, en consenso, por los grupos o colectivos de familias desaparecidas, quienes como propietarios son: Adriana Cruz Cruz, Abigail Cruz Ortega, Ricardo Mart\u00ednez Santiago, Eider Rafael \u00c1lvarez e Iracel Elena Robles.<\/p>\n\n\n\n<p>Como suplentes son: Karina Cruz Cruz, Luis Alejandro Vel\u00e1squez Hern\u00e1ndez, Mar\u00eda Aracely Ram\u00edrez Salazar, Martha \u00c1ngela Santiago Hern\u00e1ndez y Wilma Victoria Garc\u00eda Garc\u00eda.<\/p>\n\n\n\n<p>En lo que refiere a un miembro de la academia, como propietario fue designado Carlos Alberto D\u00edaz M\u00e9ndez, quien tiene un doctorado en Ciencias Pol\u00edticas y Sociales; y como suplente, Yael Sandra Siman Druker, quien tiene un doctorado en Ciencias Pol\u00edticas.<\/p>\n\n\n\n<p>De los dos expertos en la materia de la Ley General, fueron nombrados como propietarios Eduardo Castillo Cruz, con maestr\u00eda en derecho privado, y Lidia Garc\u00eda Ram\u00edrez, con maestr\u00eda en ciencias penales. En tanto, como suplentes quedaron Eduardo Nicol\u00e1s Santiago Cruz y Ernesto Fernando Ortega, ambos con licenciatura en Derecho.<\/p>\n\n\n\n<p>De las dos personas defensoras de derechos humanos fueron designadas como propietarias Mar\u00eda Isabel Cruz Bernal y Mar\u00eda Elizabeth Ben\u00edtez Crist\u00f3bal; y como suplentes, Ver\u00f3nica Valis Villar y Nancy Maribel Garc\u00eda.<\/p>\n\n\n\n<p>La comisi\u00f3n dictaminadora destac\u00f3 que la creaci\u00f3n de un Consejo Ciudadano de B\u00fasqueda de Personas \u201cbrinda la oportunidad de involucrar a la comunidad en la b\u00fasqueda y localizaci\u00f3n de personas desaparecidas, aprovechando el conocimiento local y la solidaridad entre vecinos\u201d.<\/p>\n\n\n\n<p>\u201cEl Consejo Ciudadano busca complementar esfuerzos con las autoridades. Al trabajar en colaboraci\u00f3n con las autoridades locales, el Consejo puede proporcionar informaci\u00f3n valiosa y aprobar recursos adicionales para mejorar las operaciones de b\u00fasqueda y rescate\u201d, a\u00f1adi\u00f3.<\/p>\n\n\n\n<p>Con base al art\u00edculo 40 de la Ley en Materia de Desaparici\u00f3n de Personas de Oaxaca, las personas que integran el Consejo Estatal Ciudadano ejercer\u00e1n su funci\u00f3n en forma honor\u00edfica, por lo que no recibir\u00e1n ning\u00fan sueldo o contraprestaci\u00f3n econ\u00f3mica alguna por su desempe\u00f1o.<\/p>\n","protected":false},"excerpt":{"rendered":"<p>Redacci\u00f3n\/Zona Roja. Oaxaca de Ju\u00e1rez, Oax., a 29 de febrero de 2024.- De conformidad con&hellip;<\/p>\n","protected":false},"author":2,"featured_media":65791,"comment_status":"closed","ping_status":"open","sticky":false,"template":"","format":"standard","meta":{"_lmt_disableupdate":"","_lmt_disable":"","_jetpack_memberships_contains_paid_content":false,"footnotes":""},"categories":[109,46],"tags":[2743],"class_list":["post-65803","post","type-post","status-publish","format-standard","has-post-thumbnail","hentry","category-minuto-a-minuto","category-zona-blanca","tag-65-legislatura-del-estado-de-oaxaca"],"jetpack_featured_media_url":"https:\/\/zonaroja.com.mx\/wp-content\/uploads\/2024\/02\/Sesion-Congreso.jpg","jetpack_sharing_enabled":true,"_links":{"self":[{"href":"https:\/\/zonaroja.com.mx\/index.php?rest_route=\/wp\/v2\/posts\/65803","targetHints":{"allow":["GET"]}}],"collection":[{"href":"https:\/\/zonaroja.com.mx\/index.php?rest_route=\/wp\/v2\/posts"}],"about":[{"href":"https:\/\/zonaroja.com.mx\/index.php?rest_route=\/wp\/v2\/types\/post"}],"author":[{"embeddable":true,"href":"https:\/\/zonaroja.com.mx\/index.php?rest_route=\/wp\/v2\/users\/2"}],"replies":[{"embeddable":true,"href":"https:\/\/zonaroja.com.mx\/index.php?rest_route=%2Fwp%2Fv2%2Fcomments&post=65803"}],"version-history":[{"count":1,"href":"https:\/\/zonaroja.com.mx\/index.php?rest_route=\/wp\/v2\/posts\/65803\/revisions"}],"predecessor-version":[{"id":65804,"href":"https:\/\/zonaroja.com.mx\/index.php?rest_route=\/wp\/v2\/posts\/65803\/revisions\/65804"}],"wp:featuredmedia":[{"embeddable":true,"href":"https:\/\/zonaroja.com.mx\/index.php?rest_route=\/wp\/v2\/media\/65791"}],"wp:attachment":[{"href":"https:\/\/zonaroja.com.mx\/index.php?rest_route=%2Fwp%2Fv2%2Fmedia&parent=65803"}],"wp:term":[{"taxonomy":"category","embeddable":true,"href":"https:\/\/zonaroja.com.mx\/index.php?rest_route=%2Fwp%2Fv2%2Fcategories&post=65803"},{"taxonomy":"post_tag","embeddable":true,"href":"https:\/\/zonaroja.com.mx\/index.php?rest_route=%2Fwp%2Fv2%2Ftags&post=65803"}],"curies":[{"name":"wp","href":"https:\/\/api.w.org\/{rel}","templated":true}]}}