{"id":65806,"date":"2024-02-29T11:37:46","date_gmt":"2024-02-29T17:37:46","guid":{"rendered":"http:\/\/www.zonaroja.com.mx\/?p=65806"},"modified":"2024-03-01T06:20:48","modified_gmt":"2024-03-01T12:20:48","slug":"mueren-cinco-personas-que-combatian-incendio-en-comunidad-de-oaxaca","status":"publish","type":"post","link":"https:\/\/zonaroja.com.mx\/?p=65806","title":{"rendered":"Mueren cinco personas que combat\u00edan incendio en comunidad de Oaxaca"},"content":{"rendered":"\n<p>Ismael Garc\u00eda M.\/Zona Roja. <\/p>\n\n\n\n<p>Oaxaca de Ju\u00e1rez, Oax., a 29 de febrero de 2024.- Al menos cinco comuneros perdieron la vida calcinados por un fuerte incendio forestal registrado en San Lucas Quiavin\u00ed, municipio del distrito Tlacolula, regi\u00f3n Valles Centrales de Oaxaca.&nbsp;<\/p>\n\n\n\n<p>La conflagraci\u00f3n inici\u00f3 ayer por la tarde en cerros cercanos a la zona poblacional, en la que los pobladores y autoridades municipales pidieron ayuda urgente a los gobiernos estatal y federal.<\/p>\n\n\n\n<p>Cuatro de las v\u00edctimas fueron identificadas de manera preliminar como Jos\u00e9 Hern\u00e1ndez, Felipe Garc\u00eda, Pedro Curiel y Celso Diego.<\/p>\n\n\n\n<p>La ma\u00f1ana de hoy, el gobierno de Oaxaca inform\u00f3 que un helic\u00f3ptero acudi\u00f3 a la zona para detallar estrategias de combate al incendio.&nbsp;<\/p>\n\n\n\n<p>Detall\u00f3 que ante el incendio registrado en el municipio de San Lucas Quiavin\u00ed, se estableci\u00f3 un plan de combate a trav\u00e9s de personal t\u00e9cnico de la Comisi\u00f3n Estatal Forestal (Coesfo), la Comisi\u00f3n Nacional Forestal (Conafor) y personal de Protecci\u00f3n Civil de Tlacolula de Matamoros y de San Pablo Villa de Mitla.<\/p>\n\n\n\n<p>En esta estrategia participan tambi\u00e9n autoridades municipales y ejidales de la comunidad para salvaguardar la integridad de las personas voluntarias que realizan labores de combate en la zona afectada, expuso en un comunicado.&nbsp;<\/p>\n\n\n\n<p>Indic\u00f3 que en el lugar ya se encuentran brigadas de personal combatiente de la Coesfo provenientes de San Isidro Huay\u00e1pam y \u201cEl Tequio\u201d, Xoxocotl\u00e1n, quienes se coordinan con elementos combatientes de la Conafor y personas voluntarias de esta localidad.<\/p>\n\n\n\n<p>\u201cEste plan de combate inici\u00f3 este jueves con un sobrevuelo en la zona a trav\u00e9s de una aeronave de la Direcci\u00f3n General del Hangar Oficial del Gobierno del Estado para ubicar los principales frentes activos de este incendio y llevar a cabo acciones de combate, control y liquidaci\u00f3n, mediante la cooperaci\u00f3n de los tres \u00f3rdenes de gobierno que coordinar\u00e1n las labores a realizarse con el apoyo de alrededor de 200 personas voluntarias, comuneros y autoridades\u201d.<\/p>\n\n\n\n<p>INDAGA FISCAL\u00cdA&nbsp;<\/p>\n\n\n\n<p>La ma\u00f1ana de este jueves 29 de febrero de 2024, la Fiscal\u00eda General del Estado de Oaxaca envi\u00f3 un equipo multidisciplinario a San Lucas Quiavin\u00ed para realizar los trabajos periciales y forenses para el levantamiento de los cuerpos de cinco personas del sexo masculino, inform\u00f3 a su vez la instituci\u00f3n.<\/p>\n\n\n\n<p>\u201cDe acuerdo con la informaci\u00f3n inicial, las v\u00edctimas perdieron la vida cuando trabajaban en las labores para sofocar un incendio forestal registrado en el monte perteneciente a este municipio de los Valles Centrales\u201d, difundi\u00f3 en redes sociales.&nbsp;<\/p>\n\n\n\n<p>APOYA EL DIF<\/p>\n\n\n\n<p>Por su parte, el Sistema para el Desarrollo Integral de la Familia (DIF) Oaxaca informa que en atenci\u00f3n a las familias afectadas por el incendio registrado en el municipio de San Lucas Quiavini del distrito de Tlacolula, se entregaron v\u00edveres como agua embotellada, cobijas y productos no perecederos.<\/p>\n\n\n\n<p>De igual forma se llev\u00f3 agua embotellada, prendas abrigadoras y cobijas a habitantes de la cabecera y agencia de polic\u00eda El Jefe de San Sebasti\u00e1n R\u00edo Hondo, as\u00ed como a la localidad El Extebe perteneciente a San lIdefonso Amatl\u00e1n, en la regi\u00f3n Sierra Sur.<\/p>\n\n\n\n<p>\u201cEl Sistema DIF Oaxaca refrenda su compromiso de velar por quienes m\u00e1s lo necesitan en las ocho regiones del estado\u201d, indic\u00f3 la instituci\u00f3n que encabeza la se\u00f1ora Irma Bola\u00f1os.&nbsp;<\/p>\n","protected":false},"excerpt":{"rendered":"<p>Ismael Garc\u00eda M.\/Zona Roja. Oaxaca de Ju\u00e1rez, Oax., a 29 de febrero de 2024.- Al&hellip;<\/p>\n","protected":false},"author":2,"featured_media":65809,"comment_status":"closed","ping_status":"open","sticky":false,"template":"","format":"standard","meta":{"_lmt_disableupdate":"","_lmt_disable":"","_jetpack_memberships_contains_paid_content":false,"footnotes":""},"categories":[109,47],"tags":[1182],"class_list":["post-65806","post","type-post","status-publish","format-standard","has-post-thumbnail","hentry","category-minuto-a-minuto","category-zona-gris","tag-san-lucas-quiavini"],"jetpack_featured_media_url":"https:\/\/zonaroja.com.mx\/wp-content\/uploads\/2024\/02\/Fallecidos-incendio-San-Lucas-Quiavini.jpg","jetpack_sharing_enabled":true,"_links":{"self":[{"href":"https:\/\/zonaroja.com.mx\/index.php?rest_route=\/wp\/v2\/posts\/65806","targetHints":{"allow":["GET"]}}],"collection":[{"href":"https:\/\/zonaroja.com.mx\/index.php?rest_route=\/wp\/v2\/posts"}],"about":[{"href":"https:\/\/zonaroja.com.mx\/index.php?rest_route=\/wp\/v2\/types\/post"}],"author":[{"embeddable":true,"href":"https:\/\/zonaroja.com.mx\/index.php?rest_route=\/wp\/v2\/users\/2"}],"replies":[{"embeddable":true,"href":"https:\/\/zonaroja.com.mx\/index.php?rest_route=%2Fwp%2Fv2%2Fcomments&post=65806"}],"version-history":[{"count":1,"href":"https:\/\/zonaroja.com.mx\/index.php?rest_route=\/wp\/v2\/posts\/65806\/revisions"}],"predecessor-version":[{"id":65807,"href":"https:\/\/zonaroja.com.mx\/index.php?rest_route=\/wp\/v2\/posts\/65806\/revisions\/65807"}],"wp:featuredmedia":[{"embeddable":true,"href":"https:\/\/zonaroja.com.mx\/index.php?rest_route=\/wp\/v2\/media\/65809"}],"wp:attachment":[{"href":"https:\/\/zonaroja.com.mx\/index.php?rest_route=%2Fwp%2Fv2%2Fmedia&parent=65806"}],"wp:term":[{"taxonomy":"category","embeddable":true,"href":"https:\/\/zonaroja.com.mx\/index.php?rest_route=%2Fwp%2Fv2%2Fcategories&post=65806"},{"taxonomy":"post_tag","embeddable":true,"href":"https:\/\/zonaroja.com.mx\/index.php?rest_route=%2Fwp%2Fv2%2Ftags&post=65806"}],"curies":[{"name":"wp","href":"https:\/\/api.w.org\/{rel}","templated":true}]}}