{"id":65808,"date":"2024-02-29T17:31:39","date_gmt":"2024-02-29T23:31:39","guid":{"rendered":"http:\/\/www.zonaroja.com.mx\/?p=65808"},"modified":"2024-02-29T17:31:41","modified_gmt":"2024-02-29T23:31:41","slug":"crece-problema-en-central-de-abasto-de-oaxaca-capital-por-obra-de-sedatu","status":"publish","type":"post","link":"https:\/\/zonaroja.com.mx\/?p=65808","title":{"rendered":"Crece problema en Central de Abasto de Oaxaca capital por obra de Sedatu"},"content":{"rendered":"\n<p>Yuridiana Sosa\/Zona Roja.<\/p>\n\n\n\n<p>Oaxaca de Ju\u00e1rez, Oax., 29 de febrero de 2024.- Las desatenciones de la Secretar\u00eda de Desarrollo Agrario, Territorial y Urbano (Sedatu) sobre la inconformidad de locatarios de la Central de Abasto por la obra de remodelaci\u00f3n y la asignaci\u00f3n de espacios, volvi\u00f3 a estallarle al ayuntamiento este jueves.<\/p>\n\n\n\n<p>Desde hace varias semanas, los comerciantes de la zona de comedores y venta de pan denuncian la presunta venta de espacios o desplazamiento de locatarios para beneficiar a vendedores ambulantes por lo que se han manifestado anteriormente.<\/p>\n\n\n\n<p>Con pancartas con la leyenda \u201cRespeto a espacios, a la reubicaci\u00f3n que se encuentra originalmente\u201d los vendedores de la Central de Abasto protestaron a puerta de la oficina del presidente municipal, Francisco Mart\u00ednez Neri.<\/p>\n\n\n\n<p>La Sedatu, encargada de la obra, ha sido omisa en la atenci\u00f3n a la problem\u00e1tica, por lo que exigen la soluci\u00f3n por parte del ayuntamiento, pero tampoco lo ha resuelto.<\/p>\n\n\n\n<p>Por ello, este jueves volvieron a manifestarse y exigir un di\u00e1logo directo con el edil, motivo por el que rechazaron un di\u00e1logo por medio del secretario de Gobierno municipal, Felipe Canseco.<\/p>\n\n\n\n<p>Los comerciantes realizaron una serie de reclamos, pues pareciera que la autoridad municipal no ha intervenido a realizar ni siquiera supervisi\u00f3n de la obra para que se respeten los espacios de lo que es propiedad del ayuntamiento, por lo que es necesario que el edil conozca el problema.<\/p>\n\n\n\n<p>Pues en los planos que han visto algunos negocios del giro de pan y comida no est\u00e1n contemplados como antiguamente se encontraban, dando lugar a nuevos negocios.<\/p>\n\n\n\n<p>\u201cEl presidente tiene que conocer como est\u00e1 el problema porque \u00e9l conoce como son las tradiciones ac\u00e1\u201d, apuntaron, pues a m\u00e1s de un a\u00f1o de la obra han sido sorprendidos.<\/p>\n\n\n\n<p>Hasta el momento son afectados unos 60 comerciantes que se\u00f1alan la desaparici\u00f3n de su pasillo.<\/p>\n\n\n\n<p>El pasado 1 de febrero los comerciantes del mercado de la Central de Abasto tambi\u00e9n protestaron con la \u201ctoma\u201d del palacio municipal y en la sala de Cabildo para exigir una mesa de di\u00e1logo con el edil.&nbsp; A casi un mes, no existe dicho di\u00e1logo y el problema se agrava.<\/p>\n","protected":false},"excerpt":{"rendered":"<p>Yuridiana Sosa\/Zona Roja. Oaxaca de Ju\u00e1rez, Oax., 29 de febrero de 2024.- Las desatenciones de&hellip;<\/p>\n","protected":false},"author":2,"featured_media":65813,"comment_status":"closed","ping_status":"open","sticky":false,"template":"","format":"standard","meta":{"_lmt_disableupdate":"","_lmt_disable":"","_jetpack_memberships_contains_paid_content":false,"footnotes":""},"categories":[109,47],"tags":[148],"class_list":["post-65808","post","type-post","status-publish","format-standard","has-post-thumbnail","hentry","category-minuto-a-minuto","category-zona-gris","tag-oaxaca-de-juarez"],"jetpack_featured_media_url":"https:\/\/zonaroja.com.mx\/wp-content\/uploads\/2024\/02\/Protesta-Central-de-Abasto-ciudad-de-Oaxaca.jpg","jetpack_sharing_enabled":true,"_links":{"self":[{"href":"https:\/\/zonaroja.com.mx\/index.php?rest_route=\/wp\/v2\/posts\/65808","targetHints":{"allow":["GET"]}}],"collection":[{"href":"https:\/\/zonaroja.com.mx\/index.php?rest_route=\/wp\/v2\/posts"}],"about":[{"href":"https:\/\/zonaroja.com.mx\/index.php?rest_route=\/wp\/v2\/types\/post"}],"author":[{"embeddable":true,"href":"https:\/\/zonaroja.com.mx\/index.php?rest_route=\/wp\/v2\/users\/2"}],"replies":[{"embeddable":true,"href":"https:\/\/zonaroja.com.mx\/index.php?rest_route=%2Fwp%2Fv2%2Fcomments&post=65808"}],"version-history":[{"count":1,"href":"https:\/\/zonaroja.com.mx\/index.php?rest_route=\/wp\/v2\/posts\/65808\/revisions"}],"predecessor-version":[{"id":65814,"href":"https:\/\/zonaroja.com.mx\/index.php?rest_route=\/wp\/v2\/posts\/65808\/revisions\/65814"}],"wp:featuredmedia":[{"embeddable":true,"href":"https:\/\/zonaroja.com.mx\/index.php?rest_route=\/wp\/v2\/media\/65813"}],"wp:attachment":[{"href":"https:\/\/zonaroja.com.mx\/index.php?rest_route=%2Fwp%2Fv2%2Fmedia&parent=65808"}],"wp:term":[{"taxonomy":"category","embeddable":true,"href":"https:\/\/zonaroja.com.mx\/index.php?rest_route=%2Fwp%2Fv2%2Fcategories&post=65808"},{"taxonomy":"post_tag","embeddable":true,"href":"https:\/\/zonaroja.com.mx\/index.php?rest_route=%2Fwp%2Fv2%2Ftags&post=65808"}],"curies":[{"name":"wp","href":"https:\/\/api.w.org\/{rel}","templated":true}]}}