{"id":65815,"date":"2024-03-01T08:30:00","date_gmt":"2024-03-01T14:30:00","guid":{"rendered":"http:\/\/www.zonaroja.com.mx\/?p=65815"},"modified":"2024-03-01T06:22:09","modified_gmt":"2024-03-01T12:22:09","slug":"van-mas-de-20-incendios-forestales-en-2024-son-5-activos-a-finalizar-febrero","status":"publish","type":"post","link":"https:\/\/zonaroja.com.mx\/?p=65815","title":{"rendered":"Van m\u00e1s de 20 incendios forestales en 2024; son 5 activos a finalizar febrero"},"content":{"rendered":"\n<p>Yuridiana Sosa\/Zona Roja.<\/p>\n\n\n\n<p>Oaxaca de Ju\u00e1rez, Oax., 1 de marzo de 2024.- Los incendios forestales en la entidad se adelantaron debido a las severas condiciones de sequ\u00eda por falta de lluvias en 2023, causando en enero y febrero 25 incendios forestales, con da\u00f1os a mil 400 hect\u00e1reas, se\u00f1al\u00f3 la titular de la Comisi\u00f3n Estatal Forestal (Coesfo), Magdalena Coello Castillo.<\/p>\n\n\n\n<p>A las hect\u00e1reas da\u00f1adas sumar\u00e1n las siniestradas por los cinco incendios activos actualmente, ubicados en San Miguel Chimalapas, Juxtlahuaca, Ejutla, San Sebasti\u00e1n R\u00edo Hondo y San Lucas Quiavin\u00ed.<\/p>\n\n\n\n<p>La titular de la Coesfo se\u00f1al\u00f3 en conferencia del gabinete de seguridad de este jueves, que en las conflagraciones se han seguido los protocolos correspondientes para su atenci\u00f3n, como ocurri\u00f3 con el m\u00e1s reciente en San Lucas Quiavini y que en las \u00faltimas horas se extendi\u00f3 a San Pablo G\u00fcila, en el Valle de Tlacolula, en la regi\u00f3n de Valles Centrales.<\/p>\n\n\n\n<p>El fuego, dijo, comenz\u00f3 el pasado 26 de febrero, con atenci\u00f3n de las brigadas estatales y &nbsp;comuneros, y tras una asamblea de este 28 de febrero se sumaron a las labores de combate personal de la Comisi\u00f3n Nacional Forestal y Secretar\u00eda de la Defensa Nacional.<\/p>\n\n\n\n<p>Precis\u00f3 que debido a las caracter\u00edsticas del territorio, &nbsp;con ca\u00f1adas, es complicado su combate y se pierde el control del fuego, a lo que se suman los efectos de la temperatura y viento.<\/p>\n\n\n\n<p>LOS DETALLES<\/p>\n\n\n\n<p>La directora de la Coesfo precis\u00f3 que el incendio de San Sebasti\u00e1n R\u00edo Hondo est\u00e1 contenido y se volvi\u00f3 intermunicipal entre San Jos\u00e9 del Pe\u00f1asco y San de Ildefonso &nbsp;Amatl\u00e1n.<\/p>\n\n\n\n<p>El fuego en la localidad de La Compa\u00f1\u00eda, en Ejutla, se control\u00f3 y qued\u00f3 a resguardo de las autoridades municipales, esto debido a que por el alto n\u00famero de incendios las brigadas se deben de movilizar a otros puntos.<\/p>\n\n\n\n<p>A la fecha, indic\u00f3, son unos 25 incendios forestales, 11 de ellos con da\u00f1os a pastizales, y en su mayor\u00eda su actividad est\u00e1 relacionada a la quema de basura, de rastrojo y actividades agropecuarias.<\/p>\n\n\n\n<p>CASO QUIAVIN\u00cd<\/p>\n\n\n\n<p>Por su parte, el secretario de Gobierno, Jes\u00fas Romero L\u00f3pez, inform\u00f3 que por el caso del incendio de San Lucas Quiavin\u00ed, en el que murieron cinco personas que combat\u00edan el fuego, existe una persona detenida.<\/p>\n\n\n\n<p>Indic\u00f3 que la pena que establece el C\u00f3digo Penal es de 10 a 20 a\u00f1os, pero primero la Fiscal\u00eda de Oaxaca deber\u00e1 determinar la manera en que fue provocado, una vez que \u00e9ste se haya combatido.<\/p>\n\n\n\n<p>Apunt\u00f3 que existen diferentes versiones, una de estas &nbsp;es que el hombre joven detenido padece de afecciones mentales, e incluso la autoridad municipal report\u00f3 que \u00e9l ya hab\u00eda incendiado unos pastizales, por lo que se tiene que abrir una investigaci\u00f3n formal y se integra a una carpeta de averiguaci\u00f3n previa.<\/p>\n\n\n\n<p>Romero L\u00f3pez exhort\u00f3 a los &nbsp;comuneros y ejidatarios a que se coordinen bajo el mando de quienes saben extinguir y conocen las t\u00e9cnicas de combate de incendios para evitar mayores da\u00f1os a las \u00e1reas y a su integridad.<\/p>\n\n\n\n<p>Agreg\u00f3 que en otros casos los incendios se han politizado, o sus intereses est\u00e1n relacionados a la invasi\u00f3n de \u00e1reas, ocasionando incendios de forma deliberada.<\/p>\n\n\n\n<p>En este \u00faltimo caso, como en &nbsp;San Miguel Chimalapas donde se registran talamontes y ganaderos quieren avanzar en territorio.<\/p>\n","protected":false},"excerpt":{"rendered":"<p>Yuridiana Sosa\/Zona Roja. Oaxaca de Ju\u00e1rez, Oax., 1 de marzo de 2024.- Los incendios forestales&hellip;<\/p>\n","protected":false},"author":2,"featured_media":65812,"comment_status":"closed","ping_status":"open","sticky":false,"template":"","format":"standard","meta":{"_lmt_disableupdate":"","_lmt_disable":"","_jetpack_memberships_contains_paid_content":false,"footnotes":""},"categories":[109,47],"tags":[1256],"class_list":["post-65815","post","type-post","status-publish","format-standard","has-post-thumbnail","hentry","category-minuto-a-minuto","category-zona-gris","tag-incendios-forestales-oaxaca"],"jetpack_featured_media_url":"https:\/\/zonaroja.com.mx\/wp-content\/uploads\/2024\/02\/Incendio-San-Lucas-Quiavini.jpg","jetpack_sharing_enabled":true,"_links":{"self":[{"href":"https:\/\/zonaroja.com.mx\/index.php?rest_route=\/wp\/v2\/posts\/65815","targetHints":{"allow":["GET"]}}],"collection":[{"href":"https:\/\/zonaroja.com.mx\/index.php?rest_route=\/wp\/v2\/posts"}],"about":[{"href":"https:\/\/zonaroja.com.mx\/index.php?rest_route=\/wp\/v2\/types\/post"}],"author":[{"embeddable":true,"href":"https:\/\/zonaroja.com.mx\/index.php?rest_route=\/wp\/v2\/users\/2"}],"replies":[{"embeddable":true,"href":"https:\/\/zonaroja.com.mx\/index.php?rest_route=%2Fwp%2Fv2%2Fcomments&post=65815"}],"version-history":[{"count":2,"href":"https:\/\/zonaroja.com.mx\/index.php?rest_route=\/wp\/v2\/posts\/65815\/revisions"}],"predecessor-version":[{"id":65818,"href":"https:\/\/zonaroja.com.mx\/index.php?rest_route=\/wp\/v2\/posts\/65815\/revisions\/65818"}],"wp:featuredmedia":[{"embeddable":true,"href":"https:\/\/zonaroja.com.mx\/index.php?rest_route=\/wp\/v2\/media\/65812"}],"wp:attachment":[{"href":"https:\/\/zonaroja.com.mx\/index.php?rest_route=%2Fwp%2Fv2%2Fmedia&parent=65815"}],"wp:term":[{"taxonomy":"category","embeddable":true,"href":"https:\/\/zonaroja.com.mx\/index.php?rest_route=%2Fwp%2Fv2%2Fcategories&post=65815"},{"taxonomy":"post_tag","embeddable":true,"href":"https:\/\/zonaroja.com.mx\/index.php?rest_route=%2Fwp%2Fv2%2Ftags&post=65815"}],"curies":[{"name":"wp","href":"https:\/\/api.w.org\/{rel}","templated":true}]}}