{"id":65819,"date":"2024-03-01T07:15:59","date_gmt":"2024-03-01T13:15:59","guid":{"rendered":"http:\/\/www.zonaroja.com.mx\/?p=65819"},"modified":"2024-03-01T07:16:01","modified_gmt":"2024-03-01T13:16:01","slug":"indagan-probable-asesinato-de-tres-personas-en-regiones-de-oaxaca","status":"publish","type":"post","link":"https:\/\/zonaroja.com.mx\/?p=65819","title":{"rendered":"Indagan probable asesinato de tres personas en regiones de Oaxaca"},"content":{"rendered":"\n<p>Ismael Garc\u00eda M.\/Zona Roja.<\/p>\n\n\n\n<p>Oaxaca de Ju\u00e1rez, Oax., a 1 de marzo de 2024.- Al menos tres personas fueron asesinadas en el \u00faltimo mes de febrero en Oaxaca, casos por separado que investiga la Fiscal\u00eda General del Estado.<\/p>\n\n\n\n<p>El primer crimen ocurri\u00f3 en Juchit\u00e1n de Zaragoza, donde ultimaron a un hombre de origen hondure\u00f1o, identificado de manera preliminar como Alejandro G., de 35 a\u00f1os de edad.<\/p>\n\n\n\n<p>El cuerpo fue hallado la madrugada de ayer en la colonia San Vicente Gola y presuntamente habr\u00eda sido ultimado por disparos de arma de fuego en los \u00faltimos minutos de la noche del mi\u00e9rcoles.<\/p>\n\n\n\n<p>Por este caso no hay personas detenidas, pues no hab\u00eda polic\u00edas municipales en la zona, como ha ocurrido en otros casos.<\/p>\n\n\n\n<p>Por otra parte, en Santa Mar\u00eda Cortijo, municipio de la regi\u00f3n Costa del estado, fue hallado un cuerpo sin vida, con huellas de violencia.<\/p>\n\n\n\n<p>La persona del sexo masculino al parecer fue abatida en un camino de terracer\u00eda cerca de la carretera federal 200, a la altura de una universidad.<\/p>\n\n\n\n<p>Hasta el momento la v\u00edctima no ha sido identificada como tampoco se ha dado a conocer de manera oficial las causas del homicidio.<\/p>\n\n\n\n<p>En Ocotl\u00e1n de Morelos, municipio de la regi\u00f3n Valles Centrales, la autoridad ministerial indaga el crimen cometido aproximadamente a las 14:00 horas.<\/p>\n\n\n\n<p>Fue en el interior de su domicilio, en la calle 20 de Noviembre esquina con Nicol\u00e1s Bravo, en que se hall\u00f3 el cuerpo, con lesiones producidas por arma blanca; por el momento no se cuenta con sus datos generales de identificaci\u00f3n.<\/p>\n","protected":false},"excerpt":{"rendered":"<p>Ismael Garc\u00eda M.\/Zona Roja. Oaxaca de Ju\u00e1rez, Oax., a 1 de marzo de 2024.- Al&hellip;<\/p>\n","protected":false},"author":2,"featured_media":65811,"comment_status":"closed","ping_status":"open","sticky":false,"template":"","format":"standard","meta":{"_lmt_disableupdate":"","_lmt_disable":"","_jetpack_memberships_contains_paid_content":false,"footnotes":""},"categories":[109,51],"tags":[123],"class_list":["post-65819","post","type-post","status-publish","format-standard","has-post-thumbnail","hentry","category-minuto-a-minuto","category-zona-roja","tag-juchitan-de-zaragoza"],"jetpack_featured_media_url":"https:\/\/zonaroja.com.mx\/wp-content\/uploads\/2024\/02\/Asesinado-hondureno-Juchitan.jpg","jetpack_sharing_enabled":true,"_links":{"self":[{"href":"https:\/\/zonaroja.com.mx\/index.php?rest_route=\/wp\/v2\/posts\/65819","targetHints":{"allow":["GET"]}}],"collection":[{"href":"https:\/\/zonaroja.com.mx\/index.php?rest_route=\/wp\/v2\/posts"}],"about":[{"href":"https:\/\/zonaroja.com.mx\/index.php?rest_route=\/wp\/v2\/types\/post"}],"author":[{"embeddable":true,"href":"https:\/\/zonaroja.com.mx\/index.php?rest_route=\/wp\/v2\/users\/2"}],"replies":[{"embeddable":true,"href":"https:\/\/zonaroja.com.mx\/index.php?rest_route=%2Fwp%2Fv2%2Fcomments&post=65819"}],"version-history":[{"count":1,"href":"https:\/\/zonaroja.com.mx\/index.php?rest_route=\/wp\/v2\/posts\/65819\/revisions"}],"predecessor-version":[{"id":65820,"href":"https:\/\/zonaroja.com.mx\/index.php?rest_route=\/wp\/v2\/posts\/65819\/revisions\/65820"}],"wp:featuredmedia":[{"embeddable":true,"href":"https:\/\/zonaroja.com.mx\/index.php?rest_route=\/wp\/v2\/media\/65811"}],"wp:attachment":[{"href":"https:\/\/zonaroja.com.mx\/index.php?rest_route=%2Fwp%2Fv2%2Fmedia&parent=65819"}],"wp:term":[{"taxonomy":"category","embeddable":true,"href":"https:\/\/zonaroja.com.mx\/index.php?rest_route=%2Fwp%2Fv2%2Fcategories&post=65819"},{"taxonomy":"post_tag","embeddable":true,"href":"https:\/\/zonaroja.com.mx\/index.php?rest_route=%2Fwp%2Fv2%2Ftags&post=65819"}],"curies":[{"name":"wp","href":"https:\/\/api.w.org\/{rel}","templated":true}]}}