{"id":65823,"date":"2024-03-01T10:28:00","date_gmt":"2024-03-01T16:28:00","guid":{"rendered":"http:\/\/www.zonaroja.com.mx\/?p=65823"},"modified":"2024-03-01T07:49:48","modified_gmt":"2024-03-01T13:49:48","slug":"arranca-campana-presidencia-en-mexico-una-mujer-sustituira-a-amlo","status":"publish","type":"post","link":"https:\/\/zonaroja.com.mx\/?p=65823","title":{"rendered":"Arranca campa\u00f1a presidencia en M\u00e9xico; una mujer sustituir\u00e1 a AMLO"},"content":{"rendered":"\n<p>Redacci\u00f3n\/Zona Roja Cdmx. Imagen: Expansi\u00f3n Pol\u00edtica<\/p>\n\n\n\n<p>Ciudad de M\u00e9xico, a 1 de marzo de 2024.- En el primer minuto de este viernes iniciaron en M\u00e9xico las campa\u00f1as a la Presidencia de la Rep\u00fablica, senadur\u00edas y diputaciones federales.<\/p>\n\n\n\n<p>Anoche el Instituto Nacional Electoral (INE) aprob\u00f3 por unanimidad el registro de las tres candidaturas que definir\u00e1n qui\u00e9n ser\u00e1 la o el sucesor del presidente Andr\u00e9s Manuel L\u00f3pez Obrador; dos mujeres tienen las mayores posibilidades.<\/p>\n\n\n\n<p>La primera candidata registrada es Claudia Sheinbaum, de la alianza \u201cSigamos Haciendo Historia\u201d, liderada por Morena y en alianza con el Partido del Trabajo (PT) y el Partido Verde.&nbsp;<\/p>\n\n\n\n<p>La tambi\u00e9n exjefa de gobierno de la Ciudad de M\u00e9xico es la representante del oficialismo y tiene el respaldo de L\u00f3pez Obrador.<\/p>\n\n\n\n<p>La segunda candidata es X\u00f3chitl G\u00e1lvez Ruiz, quien representa la alianza opositora \u201cFuerza y Coraz\u00f3n por M\u00e9xico\u201d, liderada por PRI, PAN y PRD. Este frente es el segundo en las encuestas, aunque por m\u00e1s de m\u00ednimo 20 puntos de ventaja en las encuestas.<\/p>\n\n\n\n<p>El tercer frente es el de Movimiento Ciudadano, que es encabezado por Jorge \u00c1lvarez M\u00e1ynez, quien busca ser una alternativa distinta a los partidos hegem\u00f3nicos en el pa\u00eds.<\/p>\n\n\n\n<p>CAMPA\u00d1AS CON EQUIDAD<\/p>\n\n\n\n<p>Durante la sesi\u00f3n de este jueves 29 de febrero, el INE dijo que es un motivo de celebraci\u00f3n que el 2 de junio los mexicanos elegir\u00e1n a su pr\u00f3xima presidenta o presidente v\u00eda democr\u00e1tica, y que la serie de propuestas que veremos en los pr\u00f3ximos meses son reflejo de la libertad electoral que se vive en el pa\u00eds.<\/p>\n\n\n\n<p>Adem\u00e1s, se dijo que es necesario que tanto el INE, as\u00ed como dependencias y Poderes de la Uni\u00f3n \u201crealicen las acciones para que la participaci\u00f3n pol\u00edtica de las mujeres sea efectiva y se garanticen condiciones de seguridad e igualdad para todos los cargos p\u00fablicos.\u201d<\/p>\n\n\n\n<p>En ese sentido, los aspirantes dijeron que era necesario evitar la intervenci\u00f3n de gobernantes y del propio Presidente en las contiendas electorales, ya que adem\u00e1s de la Presidencia, se votar\u00e1n otros 20 mil cargos este 2 de junio.<\/p>\n\n\n\n<p>(Con informaci\u00f3n de \u201cEl Financiero\u201d)<\/p>\n","protected":false},"excerpt":{"rendered":"<p>Redacci\u00f3n\/Zona Roja Cdmx. Imagen: Expansi\u00f3n Pol\u00edtica Ciudad de M\u00e9xico, a 1 de marzo de 2024.-&hellip;<\/p>\n","protected":false},"author":2,"featured_media":65825,"comment_status":"closed","ping_status":"open","sticky":false,"template":"","format":"standard","meta":{"_lmt_disableupdate":"","_lmt_disable":"","_jetpack_memberships_contains_paid_content":false,"footnotes":""},"categories":[109,46],"tags":[3859],"class_list":["post-65823","post","type-post","status-publish","format-standard","has-post-thumbnail","hentry","category-minuto-a-minuto","category-zona-blanca","tag-elecciones-2024-mexico"],"jetpack_featured_media_url":"https:\/\/zonaroja.com.mx\/wp-content\/uploads\/2024\/03\/Candidatos-a-la-presidencia-de-Mexico.webp","jetpack_sharing_enabled":true,"_links":{"self":[{"href":"https:\/\/zonaroja.com.mx\/index.php?rest_route=\/wp\/v2\/posts\/65823","targetHints":{"allow":["GET"]}}],"collection":[{"href":"https:\/\/zonaroja.com.mx\/index.php?rest_route=\/wp\/v2\/posts"}],"about":[{"href":"https:\/\/zonaroja.com.mx\/index.php?rest_route=\/wp\/v2\/types\/post"}],"author":[{"embeddable":true,"href":"https:\/\/zonaroja.com.mx\/index.php?rest_route=\/wp\/v2\/users\/2"}],"replies":[{"embeddable":true,"href":"https:\/\/zonaroja.com.mx\/index.php?rest_route=%2Fwp%2Fv2%2Fcomments&post=65823"}],"version-history":[{"count":1,"href":"https:\/\/zonaroja.com.mx\/index.php?rest_route=\/wp\/v2\/posts\/65823\/revisions"}],"predecessor-version":[{"id":65826,"href":"https:\/\/zonaroja.com.mx\/index.php?rest_route=\/wp\/v2\/posts\/65823\/revisions\/65826"}],"wp:featuredmedia":[{"embeddable":true,"href":"https:\/\/zonaroja.com.mx\/index.php?rest_route=\/wp\/v2\/media\/65825"}],"wp:attachment":[{"href":"https:\/\/zonaroja.com.mx\/index.php?rest_route=%2Fwp%2Fv2%2Fmedia&parent=65823"}],"wp:term":[{"taxonomy":"category","embeddable":true,"href":"https:\/\/zonaroja.com.mx\/index.php?rest_route=%2Fwp%2Fv2%2Fcategories&post=65823"},{"taxonomy":"post_tag","embeddable":true,"href":"https:\/\/zonaroja.com.mx\/index.php?rest_route=%2Fwp%2Fv2%2Ftags&post=65823"}],"curies":[{"name":"wp","href":"https:\/\/api.w.org\/{rel}","templated":true}]}}