{"id":65827,"date":"2024-03-01T11:00:00","date_gmt":"2024-03-01T17:00:00","guid":{"rendered":"http:\/\/www.zonaroja.com.mx\/?p=65827"},"modified":"2024-03-01T07:52:26","modified_gmt":"2024-03-01T13:52:26","slug":"encabeza-oaxaca-niveles-de-ocupacion-y-empleo-a-inicio-de-2024-inegi","status":"publish","type":"post","link":"https:\/\/zonaroja.com.mx\/?p=65827","title":{"rendered":"Encabeza Oaxaca niveles de ocupaci\u00f3n y empleo a inicio de 2024: Inegi"},"content":{"rendered":"\n<p>Yuridiana Sosa\/Zona Roja.<\/p>\n\n\n\n<p>Oaxaca de Ju\u00e1rez, Oax., 1 de febrero de 2024.- La entidad oaxaque\u00f1a abri\u00f3 el a\u00f1o como la de mayor porcentaje en poblaci\u00f3n econ\u00f3micamente activa durante &nbsp;el mes de enero, report\u00f3 el Instituto Nacional de Estad\u00edstica y Geograf\u00eda (INEGI).<\/p>\n\n\n\n<p>La Encuesta Nacional de Ocupaci\u00f3n y Empleo (ENOE), del primer mes de 2024, se\u00f1al\u00f3 que Oaxaca registr\u00f3 un 99 por ciento de la PEA, la cual incluye la ocupaci\u00f3n tanto en la formalidad como en la informalidad laboral, la subocupaci\u00f3n y la desocupaci\u00f3n.<\/p>\n\n\n\n<p>En enero, Oaxaca super\u00f3 a entidades como Yucat\u00e1n que tuvo un porcentaje de 98.4 por ciento; &nbsp;Jalisco y Morelos con el 98.3 por ciento y Sonora con el 98.1 por ciento.<\/p>\n\n\n\n<p>A su vez, el nivel de enero super\u00f3 los niveles de enero de 2023, cuando registr\u00f3 el 98.5 por ciento, as\u00ed como es superior al registrado en diciembre de 2023, con el 98.8 por ciento de la tasa de ocupaci\u00f3n, cuando ocup\u00f3 el segundo lugar nacional.<\/p>\n\n\n\n<p>De esta forma, la entidad oaxaque\u00f1a registra uno de sus mejores niveles, al menos en los tres meses, pues en noviembre registr\u00f3 un total de de 97.9 por ciento y en octubre pasado de 98.7 por ciento.<\/p>\n\n\n\n<p>NACIONAL<\/p>\n\n\n\n<p>A nivel nacional, con cifras originales, la poblaci\u00f3n econ\u00f3micamente activa (PEA) fue de 60.6 millones de personas, lo que significa una tasa de participaci\u00f3n de 59.8 por ciento.<\/p>\n\n\n\n<p>La poblaci\u00f3n fue superior a la de enero de 2023, en 478 mil personas. La poblaci\u00f3n no econ\u00f3micamente activa fue de 40.8 millones de personas, 1.2 millones m\u00e1s que en el primer mes de 2023.<\/p>\n","protected":false},"excerpt":{"rendered":"<p>Yuridiana Sosa\/Zona Roja. Oaxaca de Ju\u00e1rez, Oax., 1 de febrero de 2024.- La entidad oaxaque\u00f1a&hellip;<\/p>\n","protected":false},"author":2,"featured_media":30820,"comment_status":"closed","ping_status":"open","sticky":false,"template":"","format":"standard","meta":{"_lmt_disableupdate":"","_lmt_disable":"","_jetpack_memberships_contains_paid_content":false,"footnotes":""},"categories":[109,46],"tags":[1702],"class_list":["post-65827","post","type-post","status-publish","format-standard","has-post-thumbnail","hentry","category-minuto-a-minuto","category-zona-blanca","tag-encuesta-nacional-de-ocupacion-y-empleo-enoe"],"jetpack_featured_media_url":"https:\/\/zonaroja.com.mx\/wp-content\/uploads\/2021\/08\/Inversiones-desarrollo-crecimiento-Oaxaca.jpg","jetpack_sharing_enabled":true,"_links":{"self":[{"href":"https:\/\/zonaroja.com.mx\/index.php?rest_route=\/wp\/v2\/posts\/65827","targetHints":{"allow":["GET"]}}],"collection":[{"href":"https:\/\/zonaroja.com.mx\/index.php?rest_route=\/wp\/v2\/posts"}],"about":[{"href":"https:\/\/zonaroja.com.mx\/index.php?rest_route=\/wp\/v2\/types\/post"}],"author":[{"embeddable":true,"href":"https:\/\/zonaroja.com.mx\/index.php?rest_route=\/wp\/v2\/users\/2"}],"replies":[{"embeddable":true,"href":"https:\/\/zonaroja.com.mx\/index.php?rest_route=%2Fwp%2Fv2%2Fcomments&post=65827"}],"version-history":[{"count":1,"href":"https:\/\/zonaroja.com.mx\/index.php?rest_route=\/wp\/v2\/posts\/65827\/revisions"}],"predecessor-version":[{"id":65828,"href":"https:\/\/zonaroja.com.mx\/index.php?rest_route=\/wp\/v2\/posts\/65827\/revisions\/65828"}],"wp:featuredmedia":[{"embeddable":true,"href":"https:\/\/zonaroja.com.mx\/index.php?rest_route=\/wp\/v2\/media\/30820"}],"wp:attachment":[{"href":"https:\/\/zonaroja.com.mx\/index.php?rest_route=%2Fwp%2Fv2%2Fmedia&parent=65827"}],"wp:term":[{"taxonomy":"category","embeddable":true,"href":"https:\/\/zonaroja.com.mx\/index.php?rest_route=%2Fwp%2Fv2%2Fcategories&post=65827"},{"taxonomy":"post_tag","embeddable":true,"href":"https:\/\/zonaroja.com.mx\/index.php?rest_route=%2Fwp%2Fv2%2Ftags&post=65827"}],"curies":[{"name":"wp","href":"https:\/\/api.w.org\/{rel}","templated":true}]}}