{"id":65829,"date":"2024-03-01T11:30:00","date_gmt":"2024-03-01T17:30:00","guid":{"rendered":"http:\/\/www.zonaroja.com.mx\/?p=65829"},"modified":"2024-03-01T08:00:48","modified_gmt":"2024-03-01T14:00:48","slug":"arrecia-crimen-en-mexico-y-ahora-atacan-con-narcominas","status":"publish","type":"post","link":"https:\/\/zonaroja.com.mx\/?p=65829","title":{"rendered":"Arrecia crimen en M\u00e9xico y ahora atacan con \u201cnarcominas\u201d"},"content":{"rendered":"\n<p>Redacci\u00f3n\/Zona Roja Cdmx.<\/p>\n\n\n\n<p>Ciudad de M\u00e9xico, a 1 de marzo de 2024.- Los ataques del crimen organizado son cada vez m\u00e1s intensos y con mayor tecnolog\u00eda, que supera a las fuerzas armadas de M\u00e9xico.<\/p>\n\n\n\n<p>Ayer, el estallamiento de una \u201cnarcomina\u201d y ataques con supuestos drones explosivos dej\u00f3 al menos cuatro soldados sin vida y nueve heridos, en los l\u00edmites de los municipios de Coalcom\u00e1n y Tepalcatepec, Michoac\u00e1n.<\/p>\n\n\n\n<p>Fuentes del 65 Batall\u00f3n de Infanter\u00eda, con sede en Coalcom\u00e1n, revelaron que el ataque fue a las 11:00 horas, entre los poblados de El Montoso y El Terrenatillo.<\/p>\n\n\n\n<p>Los militares fueron atacado con rifles de asalto por un grupo de sicarios que tambi\u00e9n utiliz\u00f3 drones para arrojar explosivos y, al menos, una mina antipersona colocada sobre el camino de terracer\u00eda.<\/p>\n\n\n\n<p>El atentado cobr\u00f3 la vida de cuatro efectivos castrenses, entre ellos uno con amputaci\u00f3n de ambas piernas, as\u00ed como nueve elementos m\u00e1s heridos por esquirlas de los explosivos y por picaduras de abejas que se encontraban en la zona.<\/p>\n\n\n\n<p>EN BAJA CALIFORNIA<\/p>\n\n\n\n<p>Por otra parte, un agente identificado como Adona\u00ed Pe\u00f1aflor, de la Agencia Estatal de investigaciones (quien estaba fuera de servicio), fue asesinado por un comando la ma\u00f1ana de este jueves en las calles Cortez y Josefa Ortiz de Dom\u00ednguez, colonia Independencia, municipio de Ensenada, informaron fuentes de la Fiscal\u00eda General de Baja California.<\/p>\n\n\n\n<p>Se trata de Adona\u00ed Pe\u00f1aflor, integrante de la Agencia Estatal de investigaciones, quien estaba fuera de servicio, seg\u00fan fuentes de la Fiscal\u00eda General (FGE) de Baja California.<\/p>\n\n\n\n<p>El hecho violento se produjo durante la ma\u00f1ana de este jueves en las calles Cortez y Josefa Ortiz de Dom\u00ednguez de la colonia Independencia donde se ubica el mercado Los Panchos.<\/p>\n\n\n\n<p>EN GUERRERO<\/p>\n\n\n\n<p>En Acapulco, Guerrero, el conductor de un taxi fue atacado y herido por arma de fuego, este d\u00eda en la avenida Costera Miguel Alem\u00e1n, a la altura de Las Hamacas, indic\u00f3 la Secretar\u00eda de Seguridad P\u00fablica.<\/p>\n\n\n\n<p>EN EDOMEX<\/p>\n\n\n\n<p>La Fiscal\u00eda General de Justicia del Estado de M\u00e9xico ubic\u00f3 una fosa clandestina en cuyo interior se hallaron bolsas con restos humanos, en un paraje del municipio de Mexicaltzingo, esto tras la confesi\u00f3n de un detenido.<\/p>\n\n\n\n<p>Las autoridades revelaron que los restos corresponden a un masculino pero se sigue en la b\u00fasqueda de al menos seis personas que un grupo criminal pudo sepultar en ese sitio.<\/p>\n\n\n\n<p>La tarde del mi\u00e9rcoles, polic\u00edas de investigaci\u00f3n de la Fiscal\u00eda estatal arribaron a una construcci\u00f3n en obra negra en la zona de minas de la comunidad de Santa Mar\u00eda Nativitas.<\/p>\n","protected":false},"excerpt":{"rendered":"<p>Redacci\u00f3n\/Zona Roja Cdmx. Ciudad de M\u00e9xico, a 1 de marzo de 2024.- Los ataques del&hellip;<\/p>\n","protected":false},"author":2,"featured_media":64184,"comment_status":"closed","ping_status":"open","sticky":false,"template":"","format":"standard","meta":{"_lmt_disableupdate":"","_lmt_disable":"","_jetpack_memberships_contains_paid_content":false,"footnotes":""},"categories":[109,51],"tags":[1746],"class_list":["post-65829","post","type-post","status-publish","format-standard","has-post-thumbnail","hentry","category-minuto-a-minuto","category-zona-roja","tag-violencia-en-mexico"],"jetpack_featured_media_url":"https:\/\/zonaroja.com.mx\/wp-content\/uploads\/2024\/01\/Crimen-violencia-escena.jpeg","jetpack_sharing_enabled":true,"_links":{"self":[{"href":"https:\/\/zonaroja.com.mx\/index.php?rest_route=\/wp\/v2\/posts\/65829","targetHints":{"allow":["GET"]}}],"collection":[{"href":"https:\/\/zonaroja.com.mx\/index.php?rest_route=\/wp\/v2\/posts"}],"about":[{"href":"https:\/\/zonaroja.com.mx\/index.php?rest_route=\/wp\/v2\/types\/post"}],"author":[{"embeddable":true,"href":"https:\/\/zonaroja.com.mx\/index.php?rest_route=\/wp\/v2\/users\/2"}],"replies":[{"embeddable":true,"href":"https:\/\/zonaroja.com.mx\/index.php?rest_route=%2Fwp%2Fv2%2Fcomments&post=65829"}],"version-history":[{"count":1,"href":"https:\/\/zonaroja.com.mx\/index.php?rest_route=\/wp\/v2\/posts\/65829\/revisions"}],"predecessor-version":[{"id":65830,"href":"https:\/\/zonaroja.com.mx\/index.php?rest_route=\/wp\/v2\/posts\/65829\/revisions\/65830"}],"wp:featuredmedia":[{"embeddable":true,"href":"https:\/\/zonaroja.com.mx\/index.php?rest_route=\/wp\/v2\/media\/64184"}],"wp:attachment":[{"href":"https:\/\/zonaroja.com.mx\/index.php?rest_route=%2Fwp%2Fv2%2Fmedia&parent=65829"}],"wp:term":[{"taxonomy":"category","embeddable":true,"href":"https:\/\/zonaroja.com.mx\/index.php?rest_route=%2Fwp%2Fv2%2Fcategories&post=65829"},{"taxonomy":"post_tag","embeddable":true,"href":"https:\/\/zonaroja.com.mx\/index.php?rest_route=%2Fwp%2Fv2%2Ftags&post=65829"}],"curies":[{"name":"wp","href":"https:\/\/api.w.org\/{rel}","templated":true}]}}