{"id":65837,"date":"2024-03-01T14:13:00","date_gmt":"2024-03-01T20:13:00","guid":{"rendered":"http:\/\/www.zonaroja.com.mx\/?p=65837"},"modified":"2024-03-01T08:15:44","modified_gmt":"2024-03-01T14:15:44","slug":"refuerza-congreso-de-oaxaca-ley-para-sancionar-violencia-familiar","status":"publish","type":"post","link":"https:\/\/zonaroja.com.mx\/?p=65837","title":{"rendered":"Refuerza Congreso de Oaxaca ley para sancionar violencia familiar"},"content":{"rendered":"\n<p>Redacci\u00f3n\/Zona Roja.&nbsp;<\/p>\n\n\n\n<p>Oaxaca de Ju\u00e1rez, Oax., a 1 de marzo de 2024.- Con 34 votos a favor, el pleno de la LXV Legislatura local aprob\u00f3 dos iniciativas de reforma a la Ley Estatal de Acceso de las Mujeres a una Vida Libre de Violencia de G\u00e9nero.<\/p>\n\n\n\n<p>Con el cambio a los art\u00edculos 8, 26, 27, 58, 61 y 87, se agreg\u00f3 que tambi\u00e9n ser\u00e1 considerado violencia familiar cuando la persona agresora tenga responsabilidades de cuidado o de apoyo, aunque no tenga relaci\u00f3n de parentesco.&nbsp;<\/p>\n\n\n\n<p>Tambi\u00e9n se agreg\u00f3 que se podr\u00e1 solicitar a la autoridad jurisdiccional competente la suspensi\u00f3n del r\u00e9gimen de tutela o curatela que ejerza la persona agresora.<\/p>\n\n\n\n<p>Se incluy\u00f3 adem\u00e1s que deben considerarse los criterios de derechos humanos, diferencial, interseccionalidad e interculturalidad y perspectiva de g\u00e9nero en la capacitaci\u00f3n que brinden las Secretar\u00edas de las Mujeres y de Seguridad y Protecci\u00f3n Ciudadana a su personal, as\u00ed como a las instancias de los sectores p\u00fablico, privado o social.<\/p>\n\n\n\n<p>Asimismo, ser\u00e1 labor de la Secretar\u00eda de Seguridad y Protecci\u00f3n Ciudadana difundir por medios electr\u00f3nicos, los datos generales de las mujeres, adolescentes y ni\u00f1as reportadas como desaparecidas para que la poblaci\u00f3n en general pueda aportar informaci\u00f3n sobre su paradero.<\/p>\n\n\n\n<p>Por otra parte, con la reforma al art\u00edculo 6 de la mencionada ley, se agreg\u00f3 el concepto de perspectiva intercultural, el cual se entender\u00e1 como \u201cla visi\u00f3n que toma como punto de partida la constataci\u00f3n de una realidad social y cultural diversa, que busca contribuir al cambio de las din\u00e1micas de exclusi\u00f3n, invisibilizaci\u00f3n y desigualdad que enfrentan determinados grupos sociales que pertenecen a una cultura hist\u00f3ricamente marginados y discriminados\u201d.<\/p>\n\n\n\n<p>Estos decretos entrar\u00e1n en vigor al d\u00eda siguiente de su publicaci\u00f3n en el Peri\u00f3dico Oficial del Estado de Oaxaca.<\/p>\n","protected":false},"excerpt":{"rendered":"<p>Redacci\u00f3n\/Zona Roja.&nbsp; Oaxaca de Ju\u00e1rez, Oax., a 1 de marzo de 2024.- Con 34 votos&hellip;<\/p>\n","protected":false},"author":2,"featured_media":65824,"comment_status":"closed","ping_status":"open","sticky":false,"template":"","format":"standard","meta":{"_lmt_disableupdate":"","_lmt_disable":"","_jetpack_memberships_contains_paid_content":false,"footnotes":""},"categories":[109,46],"tags":[2743],"class_list":["post-65837","post","type-post","status-publish","format-standard","has-post-thumbnail","hentry","category-minuto-a-minuto","category-zona-blanca","tag-65-legislatura-del-estado-de-oaxaca"],"jetpack_featured_media_url":"https:\/\/zonaroja.com.mx\/wp-content\/uploads\/2024\/03\/Refuerza-Congreso-ley-para-sancionar-violencia-familiar-en-Oaxaca.jpeg","jetpack_sharing_enabled":true,"_links":{"self":[{"href":"https:\/\/zonaroja.com.mx\/index.php?rest_route=\/wp\/v2\/posts\/65837","targetHints":{"allow":["GET"]}}],"collection":[{"href":"https:\/\/zonaroja.com.mx\/index.php?rest_route=\/wp\/v2\/posts"}],"about":[{"href":"https:\/\/zonaroja.com.mx\/index.php?rest_route=\/wp\/v2\/types\/post"}],"author":[{"embeddable":true,"href":"https:\/\/zonaroja.com.mx\/index.php?rest_route=\/wp\/v2\/users\/2"}],"replies":[{"embeddable":true,"href":"https:\/\/zonaroja.com.mx\/index.php?rest_route=%2Fwp%2Fv2%2Fcomments&post=65837"}],"version-history":[{"count":1,"href":"https:\/\/zonaroja.com.mx\/index.php?rest_route=\/wp\/v2\/posts\/65837\/revisions"}],"predecessor-version":[{"id":65838,"href":"https:\/\/zonaroja.com.mx\/index.php?rest_route=\/wp\/v2\/posts\/65837\/revisions\/65838"}],"wp:featuredmedia":[{"embeddable":true,"href":"https:\/\/zonaroja.com.mx\/index.php?rest_route=\/wp\/v2\/media\/65824"}],"wp:attachment":[{"href":"https:\/\/zonaroja.com.mx\/index.php?rest_route=%2Fwp%2Fv2%2Fmedia&parent=65837"}],"wp:term":[{"taxonomy":"category","embeddable":true,"href":"https:\/\/zonaroja.com.mx\/index.php?rest_route=%2Fwp%2Fv2%2Fcategories&post=65837"},{"taxonomy":"post_tag","embeddable":true,"href":"https:\/\/zonaroja.com.mx\/index.php?rest_route=%2Fwp%2Fv2%2Ftags&post=65837"}],"curies":[{"name":"wp","href":"https:\/\/api.w.org\/{rel}","templated":true}]}}