{"id":65846,"date":"2024-03-01T21:01:25","date_gmt":"2024-03-02T03:01:25","guid":{"rendered":"http:\/\/www.zonaroja.com.mx\/?p=65846"},"modified":"2024-03-01T21:01:27","modified_gmt":"2024-03-02T03:01:27","slug":"extinguen-un-incendio-en-valle-de-tlacolula-manana-llega-helicoptero-de-la-semar","status":"publish","type":"post","link":"https:\/\/zonaroja.com.mx\/?p=65846","title":{"rendered":"Extinguen un incendio en valle de Tlacolula; ma\u00f1ana llega helic\u00f3ptero de la Semar"},"content":{"rendered":"\n<p>Ismael Garc\u00eda M.\/Zona Roja Cdmx,<\/p>\n\n\n\n<p>Oaxaca de Ju\u00e1rez, Oax., a 1 de marzo de 2024.- A partir de las 10:00 horas de ma\u00f1ana s\u00e1bado, un helic\u00f3ptero especial de la Secretar\u00eda de Marina (Semar) se suma a las tareas de combate al incendio forestal en San Lucas Quiavin\u00ed y zonas aleda\u00f1as, inform\u00f3 el gobierno de Oaxaca.<\/p>\n\n\n\n<p>A trav\u00e9s de un oficio, el titular de la Secretar\u00eda de Gobierno, Jes\u00fas Romero, dio a conocer a las autoridades de ese municipio, as\u00ed como de San Dionisio Ocotepec y Santiago Matatl\u00e1n, la ayuda que se gestion\u00f3 ante el gobierno federal.<\/p>\n\n\n\n<p>Aunado a ello, dio a conocer que el Ej\u00e9rcito Mexicano implementa el Plan DN-III en la zona, en apoyo a los comuneros, brigadistas oficiales y voluntarios que contin\u00faan con el combate de la conflagraci\u00f3n, que inici\u00f3 hace cuatro d\u00edas y que ha dejado cinco personas fallecidas.<\/p>\n\n\n\n<p>Por otra parte, la autoridad estatal dio a conocer que el incendio forestal en los l\u00edmites de Santo Tom\u00e1s de Arriba y San Baltazar Guelavila, fue extinguido y liquidado en su totalidad, por lo cual fue entregado a las autoridades comunales para vigilar la zona, a fin de evitar que se reactive el incendio.<\/p>\n\n\n\n<p>A trav\u00e9s de la Comisi\u00f3n Estatal Forestal (Coesfo), pidi\u00f3 a la poblaci\u00f3n en general evitar el uso del fuego y la quema de basura cerca de zonas boscosas, con la finalidad de evitar m\u00e1s conflagraciones.<\/p>\n\n\n\n<p>Mientras tanto, esta noche suman al menos seis bloqueos en la carretera federal Oaxaca-Istmo, desde la planta de almacenamiento de Pemex, en Santa Mar\u00eda El Tule, hasta Santiago Matatl\u00e1n, por parte de pobladores de comunidades afectadas, para exigir un mayor en el combate a los siniestros. <\/p>\n","protected":false},"excerpt":{"rendered":"<p>Ismael Garc\u00eda M.\/Zona Roja Cdmx, Oaxaca de Ju\u00e1rez, Oax., a 1 de marzo de 2024.-&hellip;<\/p>\n","protected":false},"author":2,"featured_media":65849,"comment_status":"closed","ping_status":"open","sticky":false,"template":"","format":"standard","meta":{"_lmt_disableupdate":"","_lmt_disable":"","_jetpack_memberships_contains_paid_content":false,"footnotes":""},"categories":[109,47],"tags":[1182],"class_list":["post-65846","post","type-post","status-publish","format-standard","has-post-thumbnail","hentry","category-minuto-a-minuto","category-zona-gris","tag-san-lucas-quiavini"],"jetpack_featured_media_url":"https:\/\/zonaroja.com.mx\/wp-content\/uploads\/2024\/03\/Incendio-forestal-Quiavini.jpeg","jetpack_sharing_enabled":true,"_links":{"self":[{"href":"https:\/\/zonaroja.com.mx\/index.php?rest_route=\/wp\/v2\/posts\/65846","targetHints":{"allow":["GET"]}}],"collection":[{"href":"https:\/\/zonaroja.com.mx\/index.php?rest_route=\/wp\/v2\/posts"}],"about":[{"href":"https:\/\/zonaroja.com.mx\/index.php?rest_route=\/wp\/v2\/types\/post"}],"author":[{"embeddable":true,"href":"https:\/\/zonaroja.com.mx\/index.php?rest_route=\/wp\/v2\/users\/2"}],"replies":[{"embeddable":true,"href":"https:\/\/zonaroja.com.mx\/index.php?rest_route=%2Fwp%2Fv2%2Fcomments&post=65846"}],"version-history":[{"count":1,"href":"https:\/\/zonaroja.com.mx\/index.php?rest_route=\/wp\/v2\/posts\/65846\/revisions"}],"predecessor-version":[{"id":65850,"href":"https:\/\/zonaroja.com.mx\/index.php?rest_route=\/wp\/v2\/posts\/65846\/revisions\/65850"}],"wp:featuredmedia":[{"embeddable":true,"href":"https:\/\/zonaroja.com.mx\/index.php?rest_route=\/wp\/v2\/media\/65849"}],"wp:attachment":[{"href":"https:\/\/zonaroja.com.mx\/index.php?rest_route=%2Fwp%2Fv2%2Fmedia&parent=65846"}],"wp:term":[{"taxonomy":"category","embeddable":true,"href":"https:\/\/zonaroja.com.mx\/index.php?rest_route=%2Fwp%2Fv2%2Fcategories&post=65846"},{"taxonomy":"post_tag","embeddable":true,"href":"https:\/\/zonaroja.com.mx\/index.php?rest_route=%2Fwp%2Fv2%2Ftags&post=65846"}],"curies":[{"name":"wp","href":"https:\/\/api.w.org\/{rel}","templated":true}]}}