{"id":65855,"date":"2024-03-02T10:00:00","date_gmt":"2024-03-02T16:00:00","guid":{"rendered":"http:\/\/www.zonaroja.com.mx\/?p=65855"},"modified":"2024-03-01T21:14:19","modified_gmt":"2024-03-02T03:14:19","slug":"crecio-la-economia-informal-en-oaxaca-en-tercer-trimestre-de-2023-inegi","status":"publish","type":"post","link":"https:\/\/zonaroja.com.mx\/?p=65855","title":{"rendered":"Creci\u00f3 la econom\u00eda informal en Oaxaca en tercer trimestre de 2023: Inegi"},"content":{"rendered":"\n<p>Yuridiana Sosa\/ Zona Roja.<\/p>\n\n\n\n<p>Oaxaca de Ju\u00e1rez, Oax., 2 de marzo de 2024.- Oaxaca registr\u00f3 crecimientos importantes en los niveles que miden la econom\u00eda informal en M\u00e9xico durante el tercer trimestres de 2023.<\/p>\n\n\n\n<p>El estudio Mediciones de la Econom\u00eda Informal Trimestral por Entidad Federativa (MEITEF), realizado por el Instituto Nacional de Estad\u00edstica y Geograf\u00eda (INEGI), se\u00f1al\u00f3 que ocup\u00f3 el segundo lugar en incremento anual por trabajos remunerados en la econom\u00eda informal.<\/p>\n\n\n\n<p>De acuerdo al estudio, los puestos de trabajo remunerados en la econom\u00eda informal sumaron 16.3 millones y representaron un incremento de 3.5 por ciento anual, en el tercer trimestre de 2023, sector en el que destacaron de manera positiva Campeche, 29 por ciento; Oaxaca, 10.6 por ciento; Quintana Roo, 9.8 por ciento; Sonora, 8.4 por ciento y Guerrero, 8.2 por ciento.<\/p>\n\n\n\n<p>En el tercer trimestre de 2023, el Valor Agregado Bruto (VAB) de la econom\u00eda informal alcanz\u00f3 a precios de 2018 &nbsp;un avance real de 4.6 por ciento, a tasa anual.<\/p>\n\n\n\n<p>En ese sentido, Oaxaca ocup\u00f3 el tercer lugar entre las entidades con &nbsp;los mayores crecimientos, con el 13.2 por ciento; se sumaron en primer lugar, Campeche, con 40.4 por ciento, Quintana Roo, con 16.4 por ciento; Oaxaca y seguido por &nbsp;Guerrero, con 9.3 por ciento, y Yucat\u00e1n y Quer\u00e9taro, con 8.6 por ciento.<br>Mientras que el VAB del sector informal aument\u00f3 5.6 &nbsp;por ciento de la tasa anual y represent\u00f3&nbsp;el 55 por ciento de la econom\u00eda informal, destacando Campeche, Quintana Roo, Oaxaca y Quer\u00e9taro con m\u00e1s aumento &nbsp;anual durante el trimestre julio-septiembre de 2023.<br>Datos de las Mediciones de la Econom\u00eda Informal Trimestral por Entidad Federativa tambi\u00e9n destac\u00f3 que la variaci\u00f3n porcentual real respecto al tercer trimestre de 2022, Oaxaca ocup\u00f3 el tercer lugar con un 15.2 por ciento.<\/p>\n","protected":false},"excerpt":{"rendered":"<p>Yuridiana Sosa\/ Zona Roja. Oaxaca de Ju\u00e1rez, Oax., 2 de marzo de 2024.- Oaxaca registr\u00f3&hellip;<\/p>\n","protected":false},"author":2,"featured_media":57647,"comment_status":"closed","ping_status":"open","sticky":false,"template":"","format":"standard","meta":{"_lmt_disableupdate":"","_lmt_disable":"","_jetpack_memberships_contains_paid_content":false,"footnotes":""},"categories":[109,46],"tags":[2079],"class_list":["post-65855","post","type-post","status-publish","format-standard","has-post-thumbnail","hentry","category-minuto-a-minuto","category-zona-blanca","tag-comercio-ambulante-ciudad-de-oaxaca"],"jetpack_featured_media_url":"https:\/\/zonaroja.com.mx\/wp-content\/uploads\/2023\/07\/Ambulantes-Carmen-Alto-ciudad-de-Oaxaca.jpg","jetpack_sharing_enabled":true,"_links":{"self":[{"href":"https:\/\/zonaroja.com.mx\/index.php?rest_route=\/wp\/v2\/posts\/65855","targetHints":{"allow":["GET"]}}],"collection":[{"href":"https:\/\/zonaroja.com.mx\/index.php?rest_route=\/wp\/v2\/posts"}],"about":[{"href":"https:\/\/zonaroja.com.mx\/index.php?rest_route=\/wp\/v2\/types\/post"}],"author":[{"embeddable":true,"href":"https:\/\/zonaroja.com.mx\/index.php?rest_route=\/wp\/v2\/users\/2"}],"replies":[{"embeddable":true,"href":"https:\/\/zonaroja.com.mx\/index.php?rest_route=%2Fwp%2Fv2%2Fcomments&post=65855"}],"version-history":[{"count":1,"href":"https:\/\/zonaroja.com.mx\/index.php?rest_route=\/wp\/v2\/posts\/65855\/revisions"}],"predecessor-version":[{"id":65856,"href":"https:\/\/zonaroja.com.mx\/index.php?rest_route=\/wp\/v2\/posts\/65855\/revisions\/65856"}],"wp:featuredmedia":[{"embeddable":true,"href":"https:\/\/zonaroja.com.mx\/index.php?rest_route=\/wp\/v2\/media\/57647"}],"wp:attachment":[{"href":"https:\/\/zonaroja.com.mx\/index.php?rest_route=%2Fwp%2Fv2%2Fmedia&parent=65855"}],"wp:term":[{"taxonomy":"category","embeddable":true,"href":"https:\/\/zonaroja.com.mx\/index.php?rest_route=%2Fwp%2Fv2%2Fcategories&post=65855"},{"taxonomy":"post_tag","embeddable":true,"href":"https:\/\/zonaroja.com.mx\/index.php?rest_route=%2Fwp%2Fv2%2Ftags&post=65855"}],"curies":[{"name":"wp","href":"https:\/\/api.w.org\/{rel}","templated":true}]}}