{"id":65860,"date":"2024-03-02T11:46:00","date_gmt":"2024-03-02T17:46:00","guid":{"rendered":"http:\/\/www.zonaroja.com.mx\/?p=65860"},"modified":"2024-03-01T21:54:25","modified_gmt":"2024-03-02T03:54:25","slug":"registra-febrero-2077-crimenes-en-mexico-promedio-de-72-diarios","status":"publish","type":"post","link":"https:\/\/zonaroja.com.mx\/?p=65860","title":{"rendered":"Registra febrero 2,077 cr\u00edmenes en M\u00e9xico, promedio de 72 diarios"},"content":{"rendered":"\n<p>Redacci\u00f3n\/Zona Roja Cdmx.<\/p>\n\n\n\n<p>Ciudad de M\u00e9xico, a 2 de marzo de 2024.- El mes de febrero cerr\u00f3 con un incremento en el n\u00famero de homicidios dolosos respecto a enero pasado, en el cual seg\u00fan cifras oficiales se contabilizaron un total de 2 mil 77 muertes intencionales en sus 29 d\u00edas, es decir, un promedio de cerca de 72 cr\u00edmenes diarios cometidos a lo largo y ancho del pa\u00eds.<\/p>\n\n\n\n<p>Informaci\u00f3n recogida por la Secretar\u00eda de Seguridad y Protecci\u00f3n Ciudadana (SSPC) dan cuenta del d\u00eda 11 de febrero como el m\u00e1s violento del mes, con un total de 100 homicidios dolosos cometidos, la mayor\u00eda de ellos ocurrieron en el estado de Guanajuato, el m\u00e1s violento de toda la presente administraci\u00f3n federal.<\/p>\n\n\n\n<p>Comparando las cifras de febrero con las de enero, se registr\u00f3 un incremento de 30 homicidios dolosos, pues el mes pasado se abrieron 2 mil 47 carpetas de investigaci\u00f3n por dicho delito y un total de 3 mil 425 homicidios; en relaci\u00f3n a los mismos meses de la actual administraci\u00f3n federal, febrero de 2024 ocupa el cuarto lugar m\u00e1s violento del sexenio: 2 mil 405 homicidios dolosos se documentaron en 2019; 2 mil 310 en 2020; dos mil 226 en 2021; 1922 en 2023 y y 1901 en 2022.<\/p>\n\n\n\n<p>En el recuento por estados, la SSPC identific\u00f3 216 homicidios dolosos ocurridos en Guanajuato; seguidos por los 193 cr\u00edmenes en el Estado de M\u00e9xico; 169 en Baja California; 136 en Michoac\u00e1n y 132 en Jalisco.<\/p>\n\n\n\n<p>Algunas entidades como Baja California, Guerrero, Morelos, Puebla, Chiapas y la Ciudad de M\u00e9xico registraron tendencias al alza de entre el 8 y el 22 por ciento con relaci\u00f3n al n\u00famero de homicidios dolosos documentados en el pasado mes de enero.<\/p>\n\n\n\n<p>VAN M\u00c1S DE 180 MIL<\/p>\n\n\n\n<p>Cifras oficiales refieren un total de 180 mil 609 homicidios dolosos ocurridos bajo la actual administraci\u00f3n federal, con corte del 1 de diciembre de 2018 al 29 de febrero de 2024, rebasando por casi 60 mil casos los cr\u00edmenes cometidos en el sexenio del expresidente Enrique Pe\u00f1a Nieto (122 mil 472) y los 96 mil 495 ocurridos en el gobierno que encabez\u00f3 Felipe Calder\u00f3n Hinojosa.<\/p>\n\n\n\n<p>Aunque la tendencia s\u00ed ha ido a la baja -como lo ha se\u00f1alado el presidente L\u00f3pez Obrador-, el n\u00famero de homicidios dolosos hasta el \u00faltimo a\u00f1o de su administraci\u00f3n ponen en entredicho su pol\u00edtica de \u201cabrazos, no balazos\u201d.<\/p>\n\n\n\n<p>En su primer a\u00f1o de gobierno los homicidios dolosos fueron 36 mil 661 y subieron un poco en 2020 (36 mil 773); sin embargo en 2021 cayeron a 35 mil 700, para luego retroceder otro poco en 2022 (32 mil 287) y finalmente llegar a 30 mil 529 el a\u00f1o pasado.<\/p>\n\n\n\n<p>En t\u00e9rminos de porcentaje, la reducci\u00f3n de los homicidios dolosos cayeron entre el 4.1 y el 7.1 por ciento anual entre 2021 y 2023; a pesar de ello la actual administraci\u00f3n federal suma m\u00e1s homicidios de los cometidos en los gobiernos de Pe\u00f1a Nieto y Vicente Fox; y est\u00e1 a punto de alcanzar el doble de los contabilizados con Felipe Calder\u00f3n, el presidente que le declar\u00f3 la \u201cguerra al narco\u201d y a quien L\u00f3pez Obrador responsabiliza por iniciar una ola de violencia que hasta el momento -a seis meses de concluir su mandato- no ha podido detener.<\/p>\n\n\n\n<p>(Informaci\u00f3n de Infobae M\u00e9xico)<\/p>\n","protected":false},"excerpt":{"rendered":"<p>Redacci\u00f3n\/Zona Roja Cdmx. Ciudad de M\u00e9xico, a 2 de marzo de 2024.- El mes de&hellip;<\/p>\n","protected":false},"author":2,"featured_media":58110,"comment_status":"closed","ping_status":"open","sticky":false,"template":"","format":"standard","meta":{"_lmt_disableupdate":"","_lmt_disable":"","_jetpack_memberships_contains_paid_content":false,"footnotes":""},"categories":[109,47],"tags":[1746],"class_list":["post-65860","post","type-post","status-publish","format-standard","has-post-thumbnail","hentry","category-minuto-a-minuto","category-zona-gris","tag-violencia-en-mexico"],"jetpack_featured_media_url":"https:\/\/zonaroja.com.mx\/wp-content\/uploads\/2023\/07\/Violencia-en-Mexico-escena-crimen-asesinatos.jpeg","jetpack_sharing_enabled":true,"_links":{"self":[{"href":"https:\/\/zonaroja.com.mx\/index.php?rest_route=\/wp\/v2\/posts\/65860","targetHints":{"allow":["GET"]}}],"collection":[{"href":"https:\/\/zonaroja.com.mx\/index.php?rest_route=\/wp\/v2\/posts"}],"about":[{"href":"https:\/\/zonaroja.com.mx\/index.php?rest_route=\/wp\/v2\/types\/post"}],"author":[{"embeddable":true,"href":"https:\/\/zonaroja.com.mx\/index.php?rest_route=\/wp\/v2\/users\/2"}],"replies":[{"embeddable":true,"href":"https:\/\/zonaroja.com.mx\/index.php?rest_route=%2Fwp%2Fv2%2Fcomments&post=65860"}],"version-history":[{"count":1,"href":"https:\/\/zonaroja.com.mx\/index.php?rest_route=\/wp\/v2\/posts\/65860\/revisions"}],"predecessor-version":[{"id":65861,"href":"https:\/\/zonaroja.com.mx\/index.php?rest_route=\/wp\/v2\/posts\/65860\/revisions\/65861"}],"wp:featuredmedia":[{"embeddable":true,"href":"https:\/\/zonaroja.com.mx\/index.php?rest_route=\/wp\/v2\/media\/58110"}],"wp:attachment":[{"href":"https:\/\/zonaroja.com.mx\/index.php?rest_route=%2Fwp%2Fv2%2Fmedia&parent=65860"}],"wp:term":[{"taxonomy":"category","embeddable":true,"href":"https:\/\/zonaroja.com.mx\/index.php?rest_route=%2Fwp%2Fv2%2Fcategories&post=65860"},{"taxonomy":"post_tag","embeddable":true,"href":"https:\/\/zonaroja.com.mx\/index.php?rest_route=%2Fwp%2Fv2%2Ftags&post=65860"}],"curies":[{"name":"wp","href":"https:\/\/api.w.org\/{rel}","templated":true}]}}