{"id":65862,"date":"2024-03-02T13:00:00","date_gmt":"2024-03-02T19:00:00","guid":{"rendered":"http:\/\/www.zonaroja.com.mx\/?p=65862"},"modified":"2024-03-01T22:00:36","modified_gmt":"2024-03-02T04:00:36","slug":"instala-defensoria-de-derechos-humanos-oficina-en-la-mixteca","status":"publish","type":"post","link":"https:\/\/zonaroja.com.mx\/?p=65862","title":{"rendered":"Instala Defensor\u00eda de Derechos Humanos oficina en la Mixteca"},"content":{"rendered":"\n<p>Redacci\u00f3n\/Zona Roja.<\/p>\n\n\n\n<p>Oaxaca de Ju\u00e1rez, Oax., a 2 de marzo de 2024.- Con el objetivo de garantizar la defensa, promoci\u00f3n, estudio y divulgaci\u00f3n de los derechos humanos, la titular de la Defensor\u00eda de los Derechos Humanos del Pueblo de Oaxaca, Elizabeth Lara Rodr\u00edguez, inaugur\u00f3 en la Heroica Ciudad de Huajuapan de Le\u00f3n, la oficina regional \u201cZona Mixteca\u201d.<\/p>\n\n\n\n<p>Durante la inauguraci\u00f3n, los representantes de las diversas instituciones reconocieron el valor de contar con esta nueva oficina regional, asegurando que acciones de esa naturaleza \u201cs\u00f3lo pueden significar buenas noticias para el pueblo mixteco\u201d.<\/p>\n\n\n\n<p>En la misma sinton\u00eda, la defensora Lara Rodr\u00edguez aprovech\u00f3 su intervenci\u00f3n para resaltar la importancia de la instalaci\u00f3n de esta oficina, procurando el respeto a los derechos humanos en el municipio de Huajuapan de Le\u00f3n, lo que facilitar\u00e1 los servicios que este organismo presta a pobladores de municipios aleda\u00f1os y a la regi\u00f3n en general. &nbsp;<\/p>\n\n\n\n<p>\u201cLas personas usuarios de los servicios que presta la Defensor\u00eda deben contar con un espacio digno, donde puedan ser atendidos en condiciones de seguridad, confianza, comodidad y confidencialidad; es por ello que se han dignificado los espacios que ocupa la oficina en esta regi\u00f3n; si bien, el espacio es digno, los servidores p\u00fablicos que laboran en este lugar, deben brindar un trato con calidad y calidez, con responsabilidad y profesionalismo\u201d, dijo.<\/p>\n\n\n\n<p>De igual forma, la titular de este organismo aut\u00f3nomo reiter\u00f3 que es prioridad de la Defensor\u00eda la protecci\u00f3n de los derechos de otros grupos de la poblaci\u00f3n en situaci\u00f3n de vulnerabilidad como las mujeres, la diversidad sexo gen\u00e9rica, los pueblos afro mexicanos, las y los j\u00f3venes, las personas mayores, y en general todas aquellas que por su condici\u00f3n cultural y socioecon\u00f3mica, sus derechos humanos se encuentren susceptibles de ser disminuidos y expuestos a una situaci\u00f3n de discriminaci\u00f3n.<\/p>\n\n\n\n<p>Con la inauguraci\u00f3n de esta oficina regional, la DDHPO abona al compromiso de garantizar a todos los oaxaque\u00f1os de que con plena autonom\u00eda se vigila y defiende el respeto y cumplimiento de los derechos humanos ante toda autoridad, puntualizando la preservaci\u00f3n del estado de derecho, recalcando que esta acci\u00f3n surge de la necesidad de adecuar las funciones de una nueva Defensor\u00eda, en el marco de la Reforma a su Ley Org\u00e1nica, aprobada recientemente por el Congreso del Estado.<\/p>\n\n\n\n<p>Estuvieron presentes en el acto Janeth Italivi Salazar L\u00f3pez, directora del Sistema Municipal para el Desarrollo Integral de la Familia, en representaci\u00f3n del presidente municipal de esta demarcaci\u00f3n; la diputada Leticia Socorro Collado Soto; Santiago Barrag\u00e1n Zamora, cronista de la Heroica Ciudad de Huajuapan de Le\u00f3n.<\/p>\n\n\n\n<p>Enrique Santos, coordinador de la Oficina Regional \u201cZona Mixteca\u201d, entre otras autoridades y organizaciones sociales, as\u00ed como del personal especializado que se encargar\u00e1 de atender las quejas o peticiones en esta importante zona del estado oaxaque\u00f1o, apelando a la autonom\u00eda, imparcialidad, profesionalismo, transparencia y calidez que caracteriza a este organismo.<\/p>\n","protected":false},"excerpt":{"rendered":"<p>Redacci\u00f3n\/Zona Roja. Oaxaca de Ju\u00e1rez, Oax., a 2 de marzo de 2024.- Con el objetivo&hellip;<\/p>\n","protected":false},"author":2,"featured_media":65863,"comment_status":"closed","ping_status":"open","sticky":false,"template":"","format":"standard","meta":{"_lmt_disableupdate":"","_lmt_disable":"","_jetpack_memberships_contains_paid_content":false,"footnotes":""},"categories":[109,46],"tags":[286],"class_list":["post-65862","post","type-post","status-publish","format-standard","has-post-thumbnail","hentry","category-minuto-a-minuto","category-zona-blanca","tag-defensoria-de-los-derechos-humanos-del-pueblo-de-oaxaca"],"jetpack_featured_media_url":"https:\/\/zonaroja.com.mx\/wp-content\/uploads\/2024\/03\/Defensoria-Oaxaca-Huajuapan.jpg","jetpack_sharing_enabled":true,"_links":{"self":[{"href":"https:\/\/zonaroja.com.mx\/index.php?rest_route=\/wp\/v2\/posts\/65862","targetHints":{"allow":["GET"]}}],"collection":[{"href":"https:\/\/zonaroja.com.mx\/index.php?rest_route=\/wp\/v2\/posts"}],"about":[{"href":"https:\/\/zonaroja.com.mx\/index.php?rest_route=\/wp\/v2\/types\/post"}],"author":[{"embeddable":true,"href":"https:\/\/zonaroja.com.mx\/index.php?rest_route=\/wp\/v2\/users\/2"}],"replies":[{"embeddable":true,"href":"https:\/\/zonaroja.com.mx\/index.php?rest_route=%2Fwp%2Fv2%2Fcomments&post=65862"}],"version-history":[{"count":1,"href":"https:\/\/zonaroja.com.mx\/index.php?rest_route=\/wp\/v2\/posts\/65862\/revisions"}],"predecessor-version":[{"id":65864,"href":"https:\/\/zonaroja.com.mx\/index.php?rest_route=\/wp\/v2\/posts\/65862\/revisions\/65864"}],"wp:featuredmedia":[{"embeddable":true,"href":"https:\/\/zonaroja.com.mx\/index.php?rest_route=\/wp\/v2\/media\/65863"}],"wp:attachment":[{"href":"https:\/\/zonaroja.com.mx\/index.php?rest_route=%2Fwp%2Fv2%2Fmedia&parent=65862"}],"wp:term":[{"taxonomy":"category","embeddable":true,"href":"https:\/\/zonaroja.com.mx\/index.php?rest_route=%2Fwp%2Fv2%2Fcategories&post=65862"},{"taxonomy":"post_tag","embeddable":true,"href":"https:\/\/zonaroja.com.mx\/index.php?rest_route=%2Fwp%2Fv2%2Ftags&post=65862"}],"curies":[{"name":"wp","href":"https:\/\/api.w.org\/{rel}","templated":true}]}}