{"id":65865,"date":"2024-03-02T14:00:00","date_gmt":"2024-03-02T20:00:00","guid":{"rendered":"http:\/\/www.zonaroja.com.mx\/?p=65865"},"modified":"2024-03-01T22:07:31","modified_gmt":"2024-03-02T04:07:31","slug":"participara-oaxaca-en-el-52-del-festival-internacional-cervantino","status":"publish","type":"post","link":"https:\/\/zonaroja.com.mx\/?p=65865","title":{"rendered":"Participar\u00e1 Oaxaca en el 52 del Festival Internacional Cervantino"},"content":{"rendered":"\n<p>Redacci\u00f3n\/Zona Roja.<\/p>\n\n\n\n<p>Oaxaca de Ju\u00e1rez, Oax., a 2 de marzo de 2024.- Las culturas, tradiciones y grandeza de Oaxaca brillar\u00e1n en la edici\u00f3n n\u00famero 52 del Festival Internacional Cervantino que se llevar\u00e1 a cabo en octubre.<\/p>\n\n\n\n<p>En el Auditorio Nacional de la Ciudad de M\u00e9xico se dio a conocer que la entidad oaxaque\u00f1a est\u00e1 preparada para participar como invitada de honor, junto con el pa\u00eds sudamericano Brasil, en este importante festival de artes esc\u00e9nicas a realizarse en Guanajuato del 11 al 27 de octubre de 2024.<\/p>\n\n\n\n<p>El gobierno de Oaxaca agradeci\u00f3 el honor de esta invitaci\u00f3n para que, desde la tierra donde Dios Nunca Muere, con su Guelaguetza en la que confluyen los 16 pueblos ind\u00edgenas y el afromexicano, se puedan hacer equipo con Brasil, y el pasado con el presente se reencuentren.<\/p>\n\n\n\n<p>La Secretar\u00eda de Cultura del Gobierno de M\u00e9xico asegur\u00f3 que era un anhelo tener a Oaxaca, un tit\u00e1n de la cultura, en El Cervantino, con la expresi\u00f3n art\u00edstica de todas sus regiones.<\/p>\n\n\n\n<p>\u201cImaginen poder ver obras de Francisco Toledo, Rufino Tamayo, Rodolfo Morales, Sergio Hern\u00e1ndez; escuchar las letras de las grandes y los grandes poetas de esta potencia cultural. Probar la riqueza alimentaria de Abigail Mendoza que acaba de ganar el Premio Nacional de Artes y Literatura 2023 y escuchar a Lila Downs\u201d, se expuso en un comunicado de d\u00edas recientes.&nbsp;<\/p>\n\n\n\n<p>Finalmente, durante el encuentro de presentaci\u00f3n, el embajador de Brasil en M\u00e9xico Fernando Estellita Lins expres\u00f3 que ser\u00e1 un honor para su pa\u00eds compartir el festival con Oaxaca, un estado reconocido por la riqueza y la variedad de su cultura.<\/p>\n","protected":false},"excerpt":{"rendered":"<p>Redacci\u00f3n\/Zona Roja. Oaxaca de Ju\u00e1rez, Oax., a 2 de marzo de 2024.- Las culturas, tradiciones&hellip;<\/p>\n","protected":false},"author":2,"featured_media":65847,"comment_status":"closed","ping_status":"open","sticky":false,"template":"","format":"standard","meta":{"_lmt_disableupdate":"","_lmt_disable":"","_jetpack_memberships_contains_paid_content":false,"footnotes":""},"categories":[109,46],"tags":[],"class_list":["post-65865","post","type-post","status-publish","format-standard","has-post-thumbnail","hentry","category-minuto-a-minuto","category-zona-blanca"],"jetpack_featured_media_url":"https:\/\/zonaroja.com.mx\/wp-content\/uploads\/2024\/03\/GOBERNADOR-FESTIVAL-CERVANTINO-5.jpg","jetpack_sharing_enabled":true,"_links":{"self":[{"href":"https:\/\/zonaroja.com.mx\/index.php?rest_route=\/wp\/v2\/posts\/65865","targetHints":{"allow":["GET"]}}],"collection":[{"href":"https:\/\/zonaroja.com.mx\/index.php?rest_route=\/wp\/v2\/posts"}],"about":[{"href":"https:\/\/zonaroja.com.mx\/index.php?rest_route=\/wp\/v2\/types\/post"}],"author":[{"embeddable":true,"href":"https:\/\/zonaroja.com.mx\/index.php?rest_route=\/wp\/v2\/users\/2"}],"replies":[{"embeddable":true,"href":"https:\/\/zonaroja.com.mx\/index.php?rest_route=%2Fwp%2Fv2%2Fcomments&post=65865"}],"version-history":[{"count":1,"href":"https:\/\/zonaroja.com.mx\/index.php?rest_route=\/wp\/v2\/posts\/65865\/revisions"}],"predecessor-version":[{"id":65866,"href":"https:\/\/zonaroja.com.mx\/index.php?rest_route=\/wp\/v2\/posts\/65865\/revisions\/65866"}],"wp:featuredmedia":[{"embeddable":true,"href":"https:\/\/zonaroja.com.mx\/index.php?rest_route=\/wp\/v2\/media\/65847"}],"wp:attachment":[{"href":"https:\/\/zonaroja.com.mx\/index.php?rest_route=%2Fwp%2Fv2%2Fmedia&parent=65865"}],"wp:term":[{"taxonomy":"category","embeddable":true,"href":"https:\/\/zonaroja.com.mx\/index.php?rest_route=%2Fwp%2Fv2%2Fcategories&post=65865"},{"taxonomy":"post_tag","embeddable":true,"href":"https:\/\/zonaroja.com.mx\/index.php?rest_route=%2Fwp%2Fv2%2Ftags&post=65865"}],"curies":[{"name":"wp","href":"https:\/\/api.w.org\/{rel}","templated":true}]}}