{"id":65869,"date":"2024-03-01T16:00:00","date_gmt":"2024-03-01T22:00:00","guid":{"rendered":"http:\/\/www.zonaroja.com.mx\/?p=65869"},"modified":"2024-03-01T23:01:55","modified_gmt":"2024-03-02T05:01:55","slug":"necesaria-declaratoria-de-emergencia-ante-crisis-de-agua-en-la-capital-martin-vasquez","status":"publish","type":"post","link":"https:\/\/zonaroja.com.mx\/?p=65869","title":{"rendered":"Necesaria declaratoria de emergencia ante crisis de agua en la capital: Mart\u00edn V\u00e1squez"},"content":{"rendered":"\n<p>Yuridiana Sosa\/Zona Roja.<\/p>\n\n\n\n<p>Oaxaca de Ju\u00e1rez, Oax., 2 de marzo de 2024.- El oaxaque\u00f1o Mart\u00edn V\u00e1squez Villanueva se\u00f1al\u00f3 una serie de deficiencias en la actual pol\u00edtica p\u00fablica en la capital del estado para la atenci\u00f3n de la crisis del agua, sobre la cual urge una declaratoria de emergencia.<\/p>\n\n\n\n<p>El experimentado ex funcionario p\u00fablico, y quien ha atendido otras emergencias sanitarias en la entidad, asever\u00f3 que se requiere de una voluntad pol\u00edtica superior que convoque a los tres niveles de gobierno para solicitar una declaratoria de emergencia.<\/p>\n\n\n\n<p>V\u00e1squez Villanueva indic\u00f3 que la crisis h\u00eddrica abarca diferentes \u00e1mbitos o piezas que actualmente se encuentran sueltas y ha dado como resultado el colapso en el abasto del agua.<\/p>\n\n\n\n<p>\u201cEs hora de ponerse a trabajar y redireccionar las pol\u00edticas p\u00fablicas y esto es una emergencia\u201d, puntualiz\u00f3 el doctor, quien compar\u00f3 la situaci\u00f3n de la crisis del agua con el estado de salud de una persona, al decir que \u201cestamos viviendo una deshidrataci\u00f3n social\u201d.<\/p>\n\n\n\n<p>El problema, dijo, representa un agravio al derecho del agua, pues \u201cabrir una llave y recibir agua \u00bfEs mucho pedir?\u201d.<\/p>\n\n\n\n<p>V\u00e1squez Villanueva analiz\u00f3 algunos puntos que han sido descuidados por la autoridad y que han llevado a que la ciudadan\u00eda no solo sufre por el abasto, sino se enfrente a una insuficiente calidad y hasta altos costos por contar con lo necesario para las actividades diarias en el hogar.<\/p>\n\n\n\n<p>Entre esos se\u00f1al\u00f3 la calidad de servicio p\u00fablico, las altas tarifas, el tandeo, mantenimiento y rehabilitaci\u00f3n, infraestructura, &nbsp;rescate de los r\u00edos San Felipe, Atoyac y Salado; el \u201chuachicoleo\u201d del agua, riesgo sanitario, escasez del servicio p\u00fablico privado, la falta de regulaci\u00f3n, y si en verdad cumplen las necesidades los hidrantes o si se requieren de fiscal\u00edas especiales en la materia.&nbsp;<\/p>\n\n\n\n<p>Lo cierto es, dijo, que a\u00fan una gran cantidad de colonias en la capital no cuentan con el servicio del agua entubada y los hospitales sufren por el vital l\u00edquido. \u201cEs una verdadera calamidad la que se vive\u201d, manifest\u00f3.&nbsp;<\/p>\n","protected":false},"excerpt":{"rendered":"<p>Yuridiana Sosa\/Zona Roja. Oaxaca de Ju\u00e1rez, Oax., 2 de marzo de 2024.- El oaxaque\u00f1o Mart\u00edn&hellip;<\/p>\n","protected":false},"author":2,"featured_media":65704,"comment_status":"closed","ping_status":"open","sticky":false,"template":"","format":"standard","meta":{"_lmt_disableupdate":"","_lmt_disable":"","_jetpack_memberships_contains_paid_content":false,"footnotes":""},"categories":[109,46],"tags":[1582],"class_list":["post-65869","post","type-post","status-publish","format-standard","has-post-thumbnail","hentry","category-minuto-a-minuto","category-zona-blanca","tag-martin-vasquez-villanueva"],"jetpack_featured_media_url":"https:\/\/zonaroja.com.mx\/wp-content\/uploads\/2024\/02\/Martin-Vasquez-Villanueva-1.jpg","jetpack_sharing_enabled":true,"_links":{"self":[{"href":"https:\/\/zonaroja.com.mx\/index.php?rest_route=\/wp\/v2\/posts\/65869","targetHints":{"allow":["GET"]}}],"collection":[{"href":"https:\/\/zonaroja.com.mx\/index.php?rest_route=\/wp\/v2\/posts"}],"about":[{"href":"https:\/\/zonaroja.com.mx\/index.php?rest_route=\/wp\/v2\/types\/post"}],"author":[{"embeddable":true,"href":"https:\/\/zonaroja.com.mx\/index.php?rest_route=\/wp\/v2\/users\/2"}],"replies":[{"embeddable":true,"href":"https:\/\/zonaroja.com.mx\/index.php?rest_route=%2Fwp%2Fv2%2Fcomments&post=65869"}],"version-history":[{"count":1,"href":"https:\/\/zonaroja.com.mx\/index.php?rest_route=\/wp\/v2\/posts\/65869\/revisions"}],"predecessor-version":[{"id":65870,"href":"https:\/\/zonaroja.com.mx\/index.php?rest_route=\/wp\/v2\/posts\/65869\/revisions\/65870"}],"wp:featuredmedia":[{"embeddable":true,"href":"https:\/\/zonaroja.com.mx\/index.php?rest_route=\/wp\/v2\/media\/65704"}],"wp:attachment":[{"href":"https:\/\/zonaroja.com.mx\/index.php?rest_route=%2Fwp%2Fv2%2Fmedia&parent=65869"}],"wp:term":[{"taxonomy":"category","embeddable":true,"href":"https:\/\/zonaroja.com.mx\/index.php?rest_route=%2Fwp%2Fv2%2Fcategories&post=65869"},{"taxonomy":"post_tag","embeddable":true,"href":"https:\/\/zonaroja.com.mx\/index.php?rest_route=%2Fwp%2Fv2%2Ftags&post=65869"}],"curies":[{"name":"wp","href":"https:\/\/api.w.org\/{rel}","templated":true}]}}