{"id":6587,"date":"2019-12-11T20:44:15","date_gmt":"2019-12-12T02:44:15","guid":{"rendered":"http:\/\/www.zonaroja.com.mx\/?p=6587"},"modified":"2019-12-11T20:44:18","modified_gmt":"2019-12-12T02:44:18","slug":"tras-presiones-de-padres-de-familia-vinculan-a-proceso-a-dos-acusados","status":"publish","type":"post","link":"https:\/\/zonaroja.com.mx\/?p=6587","title":{"rendered":"Tras presiones de padres de familia, vinculan a proceso a dos acusados"},"content":{"rendered":"\n<p>Redacci\u00f3n\/Zona Roja.<\/p>\n\n\n\n<p>Oaxaca de Ju\u00e1rez, Oax., 11 de diciembre de 2019.- Tras bloqueos en la capital y exigencia de tutores de hijos en la Escuela Secundaria T\u00e9cnica 1 de la ciudad de Oaxaca, un juez local vincul\u00f3 a proceso a dos personas por probable abuso de confianza.<\/p>\n\n\n\n<p>Desde hace m\u00e1s de dos semanas, el Comit\u00e9 de Padres de Familia de esa instituci\u00f3n hab\u00eda exigido celeridad en el caso, tanto a la Fiscal\u00eda General del Estado como al Tribunal Superior de Justicia; no obstante, la lentitud en los procesos los oblig\u00f3 a tomar acciones radicales.<\/p>\n\n\n\n<p>Ayer martes, cerraron por unas 10 horas\nel bulevar Eduardo Vasconcelos y la calzada H\u00e9roes de Chapultepec en tres\ncruces viales; fue hasta la noche en que lograron su objetivo, que retiraron\nlas manifestaciones.<\/p>\n\n\n\n<p>En un comunicado difundido en redes sociales, la Fiscal\u00eda General inform\u00f3 que el juez del Poder Judicial de la causa vincul\u00f3 a proceso a A. (Alejandro) G. H. y E. (Edgar) A. L. C., presidente y tesorero, respectivamente, de la mesa directiva 2017-2018, por el delito de abuso de confianza en perjuicio del comit\u00e9 de padres de familia de la instituci\u00f3n.<\/p>\n\n\n\n<p>Detall\u00f3 que seg\u00fan la causa penal 784\/2019, desde los d\u00edas 4 y 24 de febrero, as\u00ed como en otras fechas, los tutores requirieron a los imputados cuenta de las cuotas, que ascend\u00edan a un mill\u00f3n 94 mil 50 pesos; sin embargo nunca acudieron a los citatorios.<\/p>\n\n\n\n<p>Tras interponer la denuncia los tutores,\nno fue sino hasta el 4 de diciembre en que la Fiscal\u00eda aplic\u00f3 \u00f3rdenes de\naprehensi\u00f3n; ayer el juez de la causa los vincul\u00f3 a proceso y decret\u00f3 cuatro\nmeses para el cierre de la investigaci\u00f3n.<\/p>\n\n\n\n<p>La Fiscal\u00eda no precis\u00f3 en su comunicado\nsi los imputados seguir\u00e1n el proceso en libertad o fueron recluidos de manera\npreventiva.<\/p>\n","protected":false},"excerpt":{"rendered":"<p>Redacci\u00f3n\/Zona Roja. Oaxaca de Ju\u00e1rez, Oax., 11 de diciembre de 2019.- Tras bloqueos en la&hellip;<\/p>\n","protected":false},"author":2,"featured_media":6588,"comment_status":"closed","ping_status":"open","sticky":false,"template":"","format":"standard","meta":{"_lmt_disableupdate":"","_lmt_disable":"","_jetpack_memberships_contains_paid_content":false,"footnotes":""},"categories":[109,47],"tags":[494],"class_list":["post-6587","post","type-post","status-publish","format-standard","has-post-thumbnail","hentry","category-minuto-a-minuto","category-zona-gris","tag-fiscalia-general-del-estado-de-oaxaca"],"jetpack_featured_media_url":"https:\/\/zonaroja.com.mx\/wp-content\/uploads\/2019\/12\/EST1.jpg","jetpack_sharing_enabled":true,"_links":{"self":[{"href":"https:\/\/zonaroja.com.mx\/index.php?rest_route=\/wp\/v2\/posts\/6587","targetHints":{"allow":["GET"]}}],"collection":[{"href":"https:\/\/zonaroja.com.mx\/index.php?rest_route=\/wp\/v2\/posts"}],"about":[{"href":"https:\/\/zonaroja.com.mx\/index.php?rest_route=\/wp\/v2\/types\/post"}],"author":[{"embeddable":true,"href":"https:\/\/zonaroja.com.mx\/index.php?rest_route=\/wp\/v2\/users\/2"}],"replies":[{"embeddable":true,"href":"https:\/\/zonaroja.com.mx\/index.php?rest_route=%2Fwp%2Fv2%2Fcomments&post=6587"}],"version-history":[{"count":1,"href":"https:\/\/zonaroja.com.mx\/index.php?rest_route=\/wp\/v2\/posts\/6587\/revisions"}],"predecessor-version":[{"id":6589,"href":"https:\/\/zonaroja.com.mx\/index.php?rest_route=\/wp\/v2\/posts\/6587\/revisions\/6589"}],"wp:featuredmedia":[{"embeddable":true,"href":"https:\/\/zonaroja.com.mx\/index.php?rest_route=\/wp\/v2\/media\/6588"}],"wp:attachment":[{"href":"https:\/\/zonaroja.com.mx\/index.php?rest_route=%2Fwp%2Fv2%2Fmedia&parent=6587"}],"wp:term":[{"taxonomy":"category","embeddable":true,"href":"https:\/\/zonaroja.com.mx\/index.php?rest_route=%2Fwp%2Fv2%2Fcategories&post=6587"},{"taxonomy":"post_tag","embeddable":true,"href":"https:\/\/zonaroja.com.mx\/index.php?rest_route=%2Fwp%2Fv2%2Ftags&post=6587"}],"curies":[{"name":"wp","href":"https:\/\/api.w.org\/{rel}","templated":true}]}}