{"id":65873,"date":"2024-03-03T07:27:13","date_gmt":"2024-03-03T13:27:13","guid":{"rendered":"http:\/\/www.zonaroja.com.mx\/?p=65873"},"modified":"2024-03-03T07:27:15","modified_gmt":"2024-03-03T13:27:15","slug":"identifican-a-taxistas-ejecutado-y-herido-de-bala-en-salina-cruz","status":"publish","type":"post","link":"https:\/\/zonaroja.com.mx\/?p=65873","title":{"rendered":"Identifican a taxistas ejecutado y herido de bala en Salina Cruz"},"content":{"rendered":"\n<p>Raymundo Morales\/Zona Roja.<\/p>\n\n\n\n<p>Oaxaca de Ju\u00e1rez, Oax., a 3 de marzo de 2024.- Como Jos\u00e9 Alexis R. G., de 28 a\u00f1os de edad, y Ra\u00fal D. E., fueron identificados los taxistas ejecutad y herido de bala, respectivamente, en hechos sucedidos este s\u00e1bado en la ciudad y puerto de Salina Cruz.<\/p>\n\n\n\n<p>Los hechos de violencia contin\u00faan al alza en este municipio, mientras el presidente municipal, Daniel M\u00e9ndez Sosa, insiste en buscar la reelecci\u00f3n en el cargo, pese al fracaso de su administraci\u00f3n en materia de seguridad.<\/p>\n\n\n\n<p>Los hechos criminales ocurrieron en un ataque armado la tarde de ayer en la calle Teniente Azueta, en pleno centro de Salina Cruz y cerca del palacio municipal, sin que hubiera polic\u00edas locales en la zona.<\/p>\n\n\n\n<p>En un primer momento ejecutaron a Jos\u00e9 Alexis, quien conduc\u00eda el taxi del sitio \u201cRefiner\u00eda\u201d, con n\u00famero econ\u00f3mico 433.<\/p>\n\n\n\n<p>Posteriormente atacaron a balazos a Ra\u00fa, quien tributaba su unidad de motor de servicio de alquiler del sitio \u201cTiburones\u201d; los delincuentes lograron huir de la escena, a pesar del d\u00eda, la hora y lugar p\u00fablico en que sucedieron los hechos.<\/p>\n\n\n\n<p>El edil morenista se abstuvo de emitir alguna informaci\u00f3n, como tampoco ha implementado acciones de seguridad para proteger a la poblaci\u00f3n, en ese importante polo de desarrollo que forma parte del Corredor Interoce\u00e1nico del Istmo de Tehuantepec y donde apenas hace una semana estuvo el Presidente Andr\u00e9s Manuel L\u00f3pez Obrador para inaugurar el rompeolas del puerto.<\/p>\n","protected":false},"excerpt":{"rendered":"<p>Raymundo Morales\/Zona Roja. Oaxaca de Ju\u00e1rez, Oax., a 3 de marzo de 2024.- Como Jos\u00e9&hellip;<\/p>\n","protected":false},"author":2,"featured_media":65874,"comment_status":"closed","ping_status":"open","sticky":false,"template":"","format":"standard","meta":{"_lmt_disableupdate":"","_lmt_disable":"","_jetpack_memberships_contains_paid_content":false,"footnotes":""},"categories":[109,51],"tags":[168],"class_list":["post-65873","post","type-post","status-publish","format-standard","has-post-thumbnail","hentry","category-minuto-a-minuto","category-zona-roja","tag-salina-cruz"],"jetpack_featured_media_url":"https:\/\/zonaroja.com.mx\/wp-content\/uploads\/2024\/03\/Ejecutado-Salina-Cruz-2-de-marzo.png","jetpack_sharing_enabled":true,"_links":{"self":[{"href":"https:\/\/zonaroja.com.mx\/index.php?rest_route=\/wp\/v2\/posts\/65873","targetHints":{"allow":["GET"]}}],"collection":[{"href":"https:\/\/zonaroja.com.mx\/index.php?rest_route=\/wp\/v2\/posts"}],"about":[{"href":"https:\/\/zonaroja.com.mx\/index.php?rest_route=\/wp\/v2\/types\/post"}],"author":[{"embeddable":true,"href":"https:\/\/zonaroja.com.mx\/index.php?rest_route=\/wp\/v2\/users\/2"}],"replies":[{"embeddable":true,"href":"https:\/\/zonaroja.com.mx\/index.php?rest_route=%2Fwp%2Fv2%2Fcomments&post=65873"}],"version-history":[{"count":1,"href":"https:\/\/zonaroja.com.mx\/index.php?rest_route=\/wp\/v2\/posts\/65873\/revisions"}],"predecessor-version":[{"id":65875,"href":"https:\/\/zonaroja.com.mx\/index.php?rest_route=\/wp\/v2\/posts\/65873\/revisions\/65875"}],"wp:featuredmedia":[{"embeddable":true,"href":"https:\/\/zonaroja.com.mx\/index.php?rest_route=\/wp\/v2\/media\/65874"}],"wp:attachment":[{"href":"https:\/\/zonaroja.com.mx\/index.php?rest_route=%2Fwp%2Fv2%2Fmedia&parent=65873"}],"wp:term":[{"taxonomy":"category","embeddable":true,"href":"https:\/\/zonaroja.com.mx\/index.php?rest_route=%2Fwp%2Fv2%2Fcategories&post=65873"},{"taxonomy":"post_tag","embeddable":true,"href":"https:\/\/zonaroja.com.mx\/index.php?rest_route=%2Fwp%2Fv2%2Ftags&post=65873"}],"curies":[{"name":"wp","href":"https:\/\/api.w.org\/{rel}","templated":true}]}}