{"id":65876,"date":"2024-03-03T08:56:00","date_gmt":"2024-03-03T14:56:00","guid":{"rendered":"http:\/\/www.zonaroja.com.mx\/?p=65876"},"modified":"2024-03-03T07:57:59","modified_gmt":"2024-03-03T13:57:59","slug":"extinguen-voraz-incendio-en-santa-lucia-del-camino-habria-sido-provocado","status":"publish","type":"post","link":"https:\/\/zonaroja.com.mx\/?p=65876","title":{"rendered":"Extinguen voraz incendio en Santa Luc\u00eda del Camino; habr\u00eda sido provocado"},"content":{"rendered":"\n<p>Raymundo Morales\/Zona Roja.<\/p>\n\n\n\n<p>Oaxaca de Ju\u00e1rez, Oax., a 3 de marzo de 2023.- Luego de m\u00e1s de ocho horas de combate, el voraz incendio ocurrido ayer por la tarde y noche en l\u00edmites de Santa Luc\u00eda del Camino con Santa Cruz Amilpas, zona conurbada de la ciudad de Oaxaca, fue extinguido.<\/p>\n\n\n\n<p>El saldo preliminar es de al menos cuatro hect\u00e1reas de pastizales y arbustos afectados, da\u00f1\u00f3 viviendas y veh\u00edculos y dej\u00f3 varias personas intoxicadas.<\/p>\n\n\n\n<p>Autoridades policiales y ministeriales investigan si el incendio fue provocado y en redes sociales, principalmente WhatsApp, circul\u00f3 una versi\u00f3n de que habr\u00eda sido una persona de nombre Luis Rey quien habr\u00eda rociado gasolina al incendio que inici\u00f3 alrededor de las 14:00 horas.<\/p>\n\n\n\n<p>La alarma cundi\u00f3 entre la poblaci\u00f3n cercana de la zona de la conflagraci\u00f3n pues a medida que transcurr\u00eda la tarde, se intensificaba el fuego, en m\u00e1rgenes del r\u00edo \u201cSalado\u201d, y amenazaba con abarcar zonas habitacionales.<\/p>\n\n\n\n<p>Fue necesaria la intervenci\u00f3n del personal del Heroico Cuerpo de Bomberos para extinguir la conflagraci\u00f3n; alrededor de las 22:00 horas de ayer, el gobierno de Oaxaca inform\u00f3 de la extinci\u00f3n del siniestro, aunque hasta el momento no se tiene el saldo oficial del siniestro.<\/p>\n\n\n\n<p>A trav\u00e9s de sus redes sociales, el presidente municipal de Santa Luc\u00eda, Juan Carlos Garc\u00eda M\u00e1rquez, inform\u00f3 que fueron da\u00f1os menores; se ocuparon al menos 60 pipas de agua para sofocar el fuego.<\/p>\n\n\n\n<p>Agradeci\u00f3 la participaci\u00f3n de polic\u00edas municipales y estatales, de Bomberos y de ciudadanos, as\u00ed como de organizaciones de transportistas, que se sumaron a la lucha para abatir el siniestro.<\/p>\n","protected":false},"excerpt":{"rendered":"<p>Raymundo Morales\/Zona Roja. Oaxaca de Ju\u00e1rez, Oax., a 3 de marzo de 2023.- Luego de&hellip;<\/p>\n","protected":false},"author":2,"featured_media":65877,"comment_status":"closed","ping_status":"open","sticky":false,"template":"","format":"standard","meta":{"_lmt_disableupdate":"","_lmt_disable":"","_jetpack_memberships_contains_paid_content":false,"footnotes":""},"categories":[109,47],"tags":[337],"class_list":["post-65876","post","type-post","status-publish","format-standard","has-post-thumbnail","hentry","category-minuto-a-minuto","category-zona-gris","tag-santa-lucia-del-camino"],"jetpack_featured_media_url":"https:\/\/zonaroja.com.mx\/wp-content\/uploads\/2024\/03\/Incendio-en-Santa-Lucia-del-Camino.png","jetpack_sharing_enabled":true,"_links":{"self":[{"href":"https:\/\/zonaroja.com.mx\/index.php?rest_route=\/wp\/v2\/posts\/65876","targetHints":{"allow":["GET"]}}],"collection":[{"href":"https:\/\/zonaroja.com.mx\/index.php?rest_route=\/wp\/v2\/posts"}],"about":[{"href":"https:\/\/zonaroja.com.mx\/index.php?rest_route=\/wp\/v2\/types\/post"}],"author":[{"embeddable":true,"href":"https:\/\/zonaroja.com.mx\/index.php?rest_route=\/wp\/v2\/users\/2"}],"replies":[{"embeddable":true,"href":"https:\/\/zonaroja.com.mx\/index.php?rest_route=%2Fwp%2Fv2%2Fcomments&post=65876"}],"version-history":[{"count":1,"href":"https:\/\/zonaroja.com.mx\/index.php?rest_route=\/wp\/v2\/posts\/65876\/revisions"}],"predecessor-version":[{"id":65878,"href":"https:\/\/zonaroja.com.mx\/index.php?rest_route=\/wp\/v2\/posts\/65876\/revisions\/65878"}],"wp:featuredmedia":[{"embeddable":true,"href":"https:\/\/zonaroja.com.mx\/index.php?rest_route=\/wp\/v2\/media\/65877"}],"wp:attachment":[{"href":"https:\/\/zonaroja.com.mx\/index.php?rest_route=%2Fwp%2Fv2%2Fmedia&parent=65876"}],"wp:term":[{"taxonomy":"category","embeddable":true,"href":"https:\/\/zonaroja.com.mx\/index.php?rest_route=%2Fwp%2Fv2%2Fcategories&post=65876"},{"taxonomy":"post_tag","embeddable":true,"href":"https:\/\/zonaroja.com.mx\/index.php?rest_route=%2Fwp%2Fv2%2Ftags&post=65876"}],"curies":[{"name":"wp","href":"https:\/\/api.w.org\/{rel}","templated":true}]}}