{"id":65880,"date":"2024-03-03T09:23:04","date_gmt":"2024-03-03T15:23:04","guid":{"rendered":"http:\/\/www.zonaroja.com.mx\/?p=65880"},"modified":"2024-03-03T09:25:29","modified_gmt":"2024-03-03T15:25:29","slug":"repudia-la-seccion-22-del-snte-plurinimonal-de-morena-a-alejandro-murat-y-snte","status":"publish","type":"post","link":"https:\/\/zonaroja.com.mx\/?p=65880","title":{"rendered":"Repudia la Secci\u00f3n 22 del SNTE plurinimonal de Morena a Alejandro Murat y a SNTE"},"content":{"rendered":"\n<p>Ismael Garc\u00eda M.\/Zona Roja.<\/p>\n\n\n\n<p>Oaxaca de Ju\u00e1rez, Oax., a 3 de marzo de 2024.- La Secci\u00f3n 22 del Sindicato Nacional de Trabajadores de la Educaci\u00f3n (SNTE) repudi\u00f3 la designaci\u00f3n de Alejandro Murat Hinojosa y del dirigente del SNTE, Alfonso Cepeda Salas, como candidatos plurinominales al Senado de la Rep\u00fablica.<\/p>\n\n\n\n<p>\u201cEn esta etapa de la farsa electoral salen a relucir nombres de personajes que han cometido los cr\u00edmenes m\u00e1s atroces contra el movimiento popular y magisterial, a los cuales se les ha hecho juicio pol\u00edtico, resultando responsables de estos actos, como el caso de Elba Esther Gordillo Morales, Carlos Jonguitud Barrios, Enrique Pe\u00f1a Nieto y el asesino Ulises Ruiz Ortiz, entre otros.&nbsp;<\/p>\n\n\n\n<p>\u201cLejos de pagar por sus cr\u00edmenes, estos personajes se han mantenido impunes para seguir orquestando sus ataques contra el combativo magisterio y el pueblo en general\u201d, expuso a trav\u00e9s de un comunicado.<\/p>\n\n\n\n<p>Indic\u00f3 que este 1 de marzo se dieron a conocer las listas de los aspirantes a ocupar una curul en el senado de la rep\u00fablica, \u00abquienes ser\u00e1n los nuevos verdugos del pueblo durante los pr\u00f3ximos seis a\u00f1os.&nbsp;<\/p>\n\n\n\n<p>\u201cHoy al puro estilo prista de anta\u00f1o, como en los tiempos de Vanguardia Revolucionaria, donde se premiaba la obediencia, sumisi\u00f3n y entreguismo, en estos tiempos en los que desde el p\u00falpito de las ma\u00f1anas se da a conocer que hay una transformaci\u00f3n, la realidad no se puede ocultar y ante las evidencias que presenta el partido en el poder Morena, resaltan los nombres de dos actores pol\u00edticos fugitivos que tienen cuentas pendientes con el magisterio\u201d.<\/p>\n\n\n\n<p>Es el caso de Alfonso Cepeda Salas, dirigente del SNTE, \u201cquien desde que asumi\u00f3 el cargo de Secretario General en 2018, de manera antidemocr\u00e1tica, ha asumido con obediencia, todas las directrices del Estado, quien ha declarado que el SNTE, es el ej\u00e9rcito intelectual de la 4T\u00bb poni\u00e9ndose al servicio del gobierno en turno\u201d.<\/p>\n\n\n\n<p>Abund\u00f3 que este nombramiento es en premio por haber callado las agresiones hacia el magisterio y por avalar la reforma educativa que impuls\u00f3 el entonces Presidente Enrique Pe\u00f1a Nieto.<\/p>\n\n\n\n<p>CASO MURAT<\/p>\n\n\n\n<p>Del ex gobernador de Oaxaca Alejandro Murat Hinojosa, quien hace apenas unos tres meses reuni\u00f3 al PRI, \u201clo que demuestra que lo \u00fanico que les interesa, es ocupar espacios para seguir enriqueci\u00e9ndose, como la clase parasitaria que son, a costa del pueblo, asimismo se\u00f1alamos, que durante su administraci\u00f3n, no hizo m\u00e1s que fortalecer y aplicar la reforma educativa como otras iniciativas que afectan los intereses de los trabajadores de la educaci\u00f3n\u201d.<\/p>\n\n\n\n<p>Adem\u00e1s, \u201cfue quien abri\u00f3 las puertas al gran capital en el estado de Oaxaca para la extracci\u00f3n de los recursos naturales, uno de los claros ejemplos es el proyecto de corte neoliberal llamado Corredor Trans\u00edstmico\u00bb.<\/p>\n\n\n\n<p>Por ello rechaz\u00f3 de manera contundente la participaci\u00f3n de estos personales en la vida pol\u00edtica del pa\u00eds, \u201cpues, de obtener un puesto en el Senado, seguir\u00e1n con sus pol\u00edticas antisindicales.&nbsp;<\/p>\n\n\n\n<p>\u201cAs\u00ed mismo, alzamos la demanda de justicia ante los cr\u00edmenes cometidos, pues estos personajes tienen cuentas pendientes que pagar al combativo movimiento magisterial\u201d, remarc\u00f3 en su comunicado emitido anoche.<\/p>\n","protected":false},"excerpt":{"rendered":"<p>Ismael Garc\u00eda M.\/Zona Roja. Oaxaca de Ju\u00e1rez, Oax., a 3 de marzo de 2024.- La&hellip;<\/p>\n","protected":false},"author":2,"featured_media":65881,"comment_status":"closed","ping_status":"open","sticky":false,"template":"","format":"standard","meta":{"_lmt_disableupdate":"","_lmt_disable":"","_jetpack_memberships_contains_paid_content":false,"footnotes":""},"categories":[109,47],"tags":[173],"class_list":["post-65880","post","type-post","status-publish","format-standard","has-post-thumbnail","hentry","category-minuto-a-minuto","category-zona-gris","tag-alejandro-murat-hinojosa"],"jetpack_featured_media_url":"https:\/\/zonaroja.com.mx\/wp-content\/uploads\/2024\/03\/Alejandro-Murat-y-Seccion-22.jpg","jetpack_sharing_enabled":true,"_links":{"self":[{"href":"https:\/\/zonaroja.com.mx\/index.php?rest_route=\/wp\/v2\/posts\/65880","targetHints":{"allow":["GET"]}}],"collection":[{"href":"https:\/\/zonaroja.com.mx\/index.php?rest_route=\/wp\/v2\/posts"}],"about":[{"href":"https:\/\/zonaroja.com.mx\/index.php?rest_route=\/wp\/v2\/types\/post"}],"author":[{"embeddable":true,"href":"https:\/\/zonaroja.com.mx\/index.php?rest_route=\/wp\/v2\/users\/2"}],"replies":[{"embeddable":true,"href":"https:\/\/zonaroja.com.mx\/index.php?rest_route=%2Fwp%2Fv2%2Fcomments&post=65880"}],"version-history":[{"count":2,"href":"https:\/\/zonaroja.com.mx\/index.php?rest_route=\/wp\/v2\/posts\/65880\/revisions"}],"predecessor-version":[{"id":65883,"href":"https:\/\/zonaroja.com.mx\/index.php?rest_route=\/wp\/v2\/posts\/65880\/revisions\/65883"}],"wp:featuredmedia":[{"embeddable":true,"href":"https:\/\/zonaroja.com.mx\/index.php?rest_route=\/wp\/v2\/media\/65881"}],"wp:attachment":[{"href":"https:\/\/zonaroja.com.mx\/index.php?rest_route=%2Fwp%2Fv2%2Fmedia&parent=65880"}],"wp:term":[{"taxonomy":"category","embeddable":true,"href":"https:\/\/zonaroja.com.mx\/index.php?rest_route=%2Fwp%2Fv2%2Fcategories&post=65880"},{"taxonomy":"post_tag","embeddable":true,"href":"https:\/\/zonaroja.com.mx\/index.php?rest_route=%2Fwp%2Fv2%2Ftags&post=65880"}],"curies":[{"name":"wp","href":"https:\/\/api.w.org\/{rel}","templated":true}]}}