{"id":65888,"date":"2024-03-03T13:00:00","date_gmt":"2024-03-03T19:00:00","guid":{"rendered":"http:\/\/www.zonaroja.com.mx\/?p=65888"},"modified":"2024-03-03T10:57:17","modified_gmt":"2024-03-03T16:57:17","slug":"van-mas-de-150-militares-asesinados-en-el-sexenio-de-lopez-obrador","status":"publish","type":"post","link":"https:\/\/zonaroja.com.mx\/?p=65888","title":{"rendered":"Van m\u00e1s de 150 militares asesinados en el sexenio de L\u00f3pez Obrador"},"content":{"rendered":"\n<p>Redacci\u00f3n\/Zona Roja Cdmx.<\/p>\n\n\n\n<p>Ciudad de M\u00e9xico, a 3 de marzo de 2024.- A lo largo de los 63 meses bajo la administraci\u00f3n del presidente Andr\u00e9s Manuel L\u00f3pez Obrador, responsable de la pol\u00edtica de \u201cabrazos, no balazos\u201d, se tienen contabilizados los asesinatos de m\u00e1s de 150 militares por enfrentamientos con integrantes del crimen organizado, siendo el a\u00f1o 2023 el m\u00e1s letal para los efectivos del Ej\u00e9rcito Mexicano.<\/p>\n\n\n\n<p>De acuerdo con informaci\u00f3n de la Secretar\u00eda de la Defensa Nacional (Sedena), hasta el t\u00e9rmino del a\u00f1o pasado se ten\u00eda registradas las bajas de 155 militares bajo la presente administraci\u00f3n, cifras a\u00fan por debajo de los 361 efectivos abatidos en el gobierno del expresidente Felipe Calder\u00f3n y los 182 en el sexenio de Enrique Pe\u00f1a Nieto.<\/p>\n\n\n\n<p>En el conteo anual del sexenio del presidente L\u00f3pez Obrador, se tiene registro de 19 militares asesinados en el primer a\u00f1o de su administraci\u00f3n; para 2020 la cifra baj\u00f3 a 9 casos; en 2021 y 2022 creci\u00f3 a 29 efectivos abatidos cada a\u00f1o; mientras que en 2023 se contabilizaron las muertes en combate de 69 efectivos del Ej\u00e9rcito Mexicano.<\/p>\n\n\n\n<p>Comparando las cifras de 2023 con 2022, el incremento de militares asesinados fue del 138 por ciento; aun as\u00ed el a\u00f1o pasado no est\u00e1 en la cima de los m\u00e1s mort\u00edferos contra los efectivos del Ej\u00e9rcito, esos lugares est\u00e1n reservados para dos a\u00f1os de la administraci\u00f3n de Felipe Calder\u00f3n: en el marco de la \u201cguerra contra el narco\u201d se documentaron las bajas de 73 efectivos en 2012 y 89 en 2010.<\/p>\n\n\n\n<p>EN MICHOAC\u00c1N<\/p>\n\n\n\n<p>La tarde de este jueves se report\u00f3 un enfrentamiento entre presuntos integrantes del C\u00e1rtel Jalisco Nueva Generaci\u00f3n (CJNG) y militares en los l\u00edmites territoriales de los municipios de Tepalcatepec y Aguililla, en el estado de Michoac\u00e1n; de manera extraoficial se reportan las muertes de tres efectivos del Ej\u00e9rcito Mexicano y cuatro m\u00e1s permanecen en calidad de heridos.<\/p>\n\n\n\n<p>El enfrentamiento se produjo despu\u00e9s de una emboscada del grupo delictivo a los militares en la cual habr\u00edan utilizado minas artesanales y drones artillados, adem\u00e1s de armas de grueso calibre para intentar repeler a las fuerzas del orden.<\/p>\n\n\n\n<p>De confirmarse la muerte de los tres militares, el estado de Michoac\u00e1n alcanzar\u00eda la cifra de 73 efectivos abatidos entre sus l\u00edmites territoriales, siendo la tercera entidad m\u00e1s mort\u00edfera para ellos desde que la Sedena inici\u00f3 el registr\u00f3 de muertes al inicio de la \u201cguerra contra el narco\u201d<\/p>\n\n\n\n<p>Seg\u00fan datos oficiales, Sinaloa, cuna del c\u00e1rtel del mismo nombre y refugio de sus principales l\u00edderes -Los Chapitos e Ismael El Mayo Zambada- concentra el mayor n\u00famero de bajas (164); el n\u00famero dos en la lista es Tamaulipas (88), territorio en disputa entre los c\u00e1rteles del Golfo, del Noreste, Los Zetas y algunas facciones del CJNG que han conseguido ganar terreno con alianzas de grupos locales.<\/p>\n\n\n\n<p>EN GUERRERO<\/p>\n\n\n\n<p>Guerrero, estado que enfrenta una ola de violencia en los \u00faltimos meses, suma 65 muertes de militares; le sigue Nuevo Le\u00f3n, el estado donde en las \u00faltimas semanas se ha desatado una disputa entre el C\u00e1rtel del Golfo y el Noreste por el control de la plaza en Doctor Coss, un municipio que colinda con Tamaulipas.<\/p>\n\n\n\n<p>Otras dos cifras nada halagadoras para la administraci\u00f3n de la pol\u00edtica de \u201cabrazos, no balazos\u201d, es la muerte de 14 marinos y 10 elementos de la Fuerza Especial de Reacci\u00f3n durante las detenciones de Rafael Caro Quintero y Ovidio Guzm\u00e1n, en julio de 2022 y enero de 2023, respectivamente; cifras s\u00f3lo comparadas -por la cantidad de efectivos ca\u00eddos- con el desplome de un helic\u00f3ptero de la Fuerza A\u00e9rea Mexicana durante un operativo contra el narco de Michoac\u00e1n en 2008, en ese entonces murieron 11 militares.<\/p>\n","protected":false},"excerpt":{"rendered":"<p>Redacci\u00f3n\/Zona Roja Cdmx. Ciudad de M\u00e9xico, a 3 de marzo de 2024.- A lo largo&hellip;<\/p>\n","protected":false},"author":2,"featured_media":65889,"comment_status":"closed","ping_status":"open","sticky":false,"template":"","format":"standard","meta":{"_lmt_disableupdate":"","_lmt_disable":"","_jetpack_memberships_contains_paid_content":false,"footnotes":""},"categories":[109,47],"tags":[],"class_list":["post-65888","post","type-post","status-publish","format-standard","has-post-thumbnail","hentry","category-minuto-a-minuto","category-zona-gris"],"jetpack_featured_media_url":"https:\/\/zonaroja.com.mx\/wp-content\/uploads\/2024\/03\/Militares-asesinados-en-Mexico.jpg","jetpack_sharing_enabled":true,"_links":{"self":[{"href":"https:\/\/zonaroja.com.mx\/index.php?rest_route=\/wp\/v2\/posts\/65888","targetHints":{"allow":["GET"]}}],"collection":[{"href":"https:\/\/zonaroja.com.mx\/index.php?rest_route=\/wp\/v2\/posts"}],"about":[{"href":"https:\/\/zonaroja.com.mx\/index.php?rest_route=\/wp\/v2\/types\/post"}],"author":[{"embeddable":true,"href":"https:\/\/zonaroja.com.mx\/index.php?rest_route=\/wp\/v2\/users\/2"}],"replies":[{"embeddable":true,"href":"https:\/\/zonaroja.com.mx\/index.php?rest_route=%2Fwp%2Fv2%2Fcomments&post=65888"}],"version-history":[{"count":1,"href":"https:\/\/zonaroja.com.mx\/index.php?rest_route=\/wp\/v2\/posts\/65888\/revisions"}],"predecessor-version":[{"id":65890,"href":"https:\/\/zonaroja.com.mx\/index.php?rest_route=\/wp\/v2\/posts\/65888\/revisions\/65890"}],"wp:featuredmedia":[{"embeddable":true,"href":"https:\/\/zonaroja.com.mx\/index.php?rest_route=\/wp\/v2\/media\/65889"}],"wp:attachment":[{"href":"https:\/\/zonaroja.com.mx\/index.php?rest_route=%2Fwp%2Fv2%2Fmedia&parent=65888"}],"wp:term":[{"taxonomy":"category","embeddable":true,"href":"https:\/\/zonaroja.com.mx\/index.php?rest_route=%2Fwp%2Fv2%2Fcategories&post=65888"},{"taxonomy":"post_tag","embeddable":true,"href":"https:\/\/zonaroja.com.mx\/index.php?rest_route=%2Fwp%2Fv2%2Ftags&post=65888"}],"curies":[{"name":"wp","href":"https:\/\/api.w.org\/{rel}","templated":true}]}}