{"id":6590,"date":"2019-12-11T22:00:14","date_gmt":"2019-12-12T04:00:14","guid":{"rendered":"http:\/\/www.zonaroja.com.mx\/?p=6590"},"modified":"2019-12-11T22:00:17","modified_gmt":"2019-12-12T04:00:17","slug":"miercoles-rojo-registra-oaxaca-cuatro-homicidios-uno-es-autoridad-de-loxicha","status":"publish","type":"post","link":"https:\/\/zonaroja.com.mx\/?p=6590","title":{"rendered":"Mi\u00e9rcoles rojo: registra Oaxaca cuatro homicidios; uno es autoridad de Loxicha"},"content":{"rendered":"\n<p>Ismael Garc\u00eda M.\/Zona Roja.<\/p>\n\n\n\n<p>Oaxaca de Ju\u00e1rez, Oax., 11 de diciembre\nde 2019.- Cuatro personas perdieron la vida en Oaxaca de forma violenta, entre\nellos una autoridad municipal de San Agust\u00edn Loxicha.<\/p>\n\n\n\n<p>El consejo de Comunidades Ind\u00edgenas de\nla Sierra Sur denunci\u00f3 que este mi\u00e9rcoles fue ultimado a balazos Alejandro\nEnr\u00edquez, quien fung\u00eda como agente municipal en San Francisco Loxicha.<\/p>\n\n\n\n<p>Fue ultimado a balazos en el interior de\nsu domicilio y culp\u00f3 al ex diputado federal Oscar Valencia como autor\nintelectual del asesinato<\/p>\n\n\n\n<p>Por otra parte, dos personas,\npresuntamente indigentes, perdieron la vida en la capital del estado de Oaxaca.<\/p>\n\n\n\n<p>El primer cuerpo fue localizado abajo\ndel puente \u201cBicentenario\u201d del r\u00edo Atoyac, en inmediaciones del Mercado de\nAbasto; la v\u00edctima fue identificada como H\u00e9ctor Cruz Silva, de 61 a\u00f1os de edad,\ny al momento se desconoce las causas del deceso.<\/p>\n\n\n\n<p>Casi al mismo tiempo, fue descubierto\notro cuerpo pero en la avenida Montoya esquina avenida Mont\u00e9 Alb\u00e1n de San Mart\u00edn\nMexic\u00e1pam, un costado de la panificadora \u201cSan Mart\u00edn\u201d; hasta esta noche no se\nha dado a conocer la identidad ni el motivo del fallecimiento.<\/p>\n\n\n\n<p>Mientras tanto, una menor de 12 a\u00f1os de edad\nfalleci\u00f3 a causa de ahogamiento, en un r\u00edo de la localidad de Los Raudales,\nperteneciente al municipio de San Juan Mazatl\u00e1n Mixe.<\/p>\n\n\n\n<p>El cuerpo, que portaba blusa morada y\npantal\u00f3n corto color naranja, fue llevado al descanso municipal de Palomares,\ndebido a que no se localizaba a sus familiares.<\/p>\n","protected":false},"excerpt":{"rendered":"<p>Ismael Garc\u00eda M.\/Zona Roja. Oaxaca de Ju\u00e1rez, Oax., 11 de diciembre de 2019.- Cuatro personas&hellip;<\/p>\n","protected":false},"author":2,"featured_media":6591,"comment_status":"closed","ping_status":"open","sticky":false,"template":"","format":"standard","meta":{"_lmt_disableupdate":"","_lmt_disable":"","_jetpack_memberships_contains_paid_content":false,"footnotes":""},"categories":[109,51],"tags":[1130],"class_list":["post-6590","post","type-post","status-publish","format-standard","has-post-thumbnail","hentry","category-minuto-a-minuto","category-zona-roja","tag-san-francisco-loxicha"],"jetpack_featured_media_url":"https:\/\/zonaroja.com.mx\/wp-content\/uploads\/2019\/12\/060f92d9-b66d-4d45-ad29-5a8f3fa5e85f.jpg","jetpack_sharing_enabled":true,"_links":{"self":[{"href":"https:\/\/zonaroja.com.mx\/index.php?rest_route=\/wp\/v2\/posts\/6590","targetHints":{"allow":["GET"]}}],"collection":[{"href":"https:\/\/zonaroja.com.mx\/index.php?rest_route=\/wp\/v2\/posts"}],"about":[{"href":"https:\/\/zonaroja.com.mx\/index.php?rest_route=\/wp\/v2\/types\/post"}],"author":[{"embeddable":true,"href":"https:\/\/zonaroja.com.mx\/index.php?rest_route=\/wp\/v2\/users\/2"}],"replies":[{"embeddable":true,"href":"https:\/\/zonaroja.com.mx\/index.php?rest_route=%2Fwp%2Fv2%2Fcomments&post=6590"}],"version-history":[{"count":1,"href":"https:\/\/zonaroja.com.mx\/index.php?rest_route=\/wp\/v2\/posts\/6590\/revisions"}],"predecessor-version":[{"id":6592,"href":"https:\/\/zonaroja.com.mx\/index.php?rest_route=\/wp\/v2\/posts\/6590\/revisions\/6592"}],"wp:featuredmedia":[{"embeddable":true,"href":"https:\/\/zonaroja.com.mx\/index.php?rest_route=\/wp\/v2\/media\/6591"}],"wp:attachment":[{"href":"https:\/\/zonaroja.com.mx\/index.php?rest_route=%2Fwp%2Fv2%2Fmedia&parent=6590"}],"wp:term":[{"taxonomy":"category","embeddable":true,"href":"https:\/\/zonaroja.com.mx\/index.php?rest_route=%2Fwp%2Fv2%2Fcategories&post=6590"},{"taxonomy":"post_tag","embeddable":true,"href":"https:\/\/zonaroja.com.mx\/index.php?rest_route=%2Fwp%2Fv2%2Ftags&post=6590"}],"curies":[{"name":"wp","href":"https:\/\/api.w.org\/{rel}","templated":true}]}}