{"id":65902,"date":"2024-03-03T20:21:44","date_gmt":"2024-03-04T02:21:44","guid":{"rendered":"http:\/\/www.zonaroja.com.mx\/?p=65902"},"modified":"2024-03-03T20:21:45","modified_gmt":"2024-03-04T02:21:45","slug":"registra-zona-metropolitana-de-oaxaca-mala-calidad-del-calidad-del-aire","status":"publish","type":"post","link":"https:\/\/zonaroja.com.mx\/?p=65902","title":{"rendered":"Registra zona metropolitana de Oaxaca mala calidad del calidad del aire"},"content":{"rendered":"\n<p>Redacci\u00f3n\/Zona Roja. Foto: Cortes\u00eda.<\/p>\n\n\n\n<p>Oaxaca de Ju\u00e1rez, Oax., a 3 de marzo de 2024.- Con base en el monitoreo de la calidad del aire realizado este domingo y bajo los criterios de la Norma Oficial Mexicana NOM-172-Semarnat-2019, la Secretar\u00eda de Medio Ambiente, Biodiversidad, Energ\u00edas y Sostenibilidad determin\u00f3 una mala calidad del aire para la zona metropolitana de la ciudad de Oaxaca, por lo que recomienda a la poblaci\u00f3n evitar actividades al aire libre.<\/p>\n\n\n\n<p>Asimismo, la dependencia pide a los grupos prioritarios reducir actividades f\u00edsicas tanto moderadas como vigorosas al aire libre, para evitar cualquier afectaci\u00f3n a la salud y en especial con temas respiratorios.<\/p>\n\n\n\n<p>Este monitoreo se realiza de manera permanente a trav\u00e9s de dos estaciones que determinan las concentraciones de ozono (O3), mon\u00f3xido de carbono (CO), di\u00f3xido de azufre (SO2), di\u00f3xido de nitr\u00f3geno (NO2) y part\u00edculas suspendidas menores a 10 y 2.5 micr\u00f3metros (PM10 y PM2.5) presentes en el aire.<\/p>\n\n\n\n<p>Para obtener los niveles de calidad del aire se miden los par\u00e1metros meteorol\u00f3gicos como la temperatura, velocidad y direcci\u00f3n del viento, radiaci\u00f3n solar, humedad relativa y presi\u00f3n barom\u00e9trica.<\/p>\n\n\n\n<p>Con la informaci\u00f3n generada por las estaciones, la Secretar\u00eda de Medio Ambiente elabora diariamente el sem\u00e1foro de calidad del aire, en el que se comparan los datos generados con las Normas Oficiales Mexicanas de salud; el cual, dependiendo de la concentraci\u00f3n de contaminantes en la atm\u00f3sfera se clasifica en buena, aceptable, mala, muy mala y extremadamente mala.<\/p>\n","protected":false},"excerpt":{"rendered":"<p>Redacci\u00f3n\/Zona Roja. Foto: Cortes\u00eda. Oaxaca de Ju\u00e1rez, Oax., a 3 de marzo de 2024.- Con&hellip;<\/p>\n","protected":false},"author":2,"featured_media":60030,"comment_status":"closed","ping_status":"open","sticky":false,"template":"","format":"standard","meta":{"_lmt_disableupdate":"","_lmt_disable":"","_jetpack_memberships_contains_paid_content":false,"footnotes":""},"categories":[109,47],"tags":[148],"class_list":["post-65902","post","type-post","status-publish","format-standard","has-post-thumbnail","hentry","category-minuto-a-minuto","category-zona-gris","tag-oaxaca-de-juarez"],"jetpack_featured_media_url":"https:\/\/zonaroja.com.mx\/wp-content\/uploads\/2023\/09\/Ciudad-de-Oaxaca.jpg","jetpack_sharing_enabled":true,"_links":{"self":[{"href":"https:\/\/zonaroja.com.mx\/index.php?rest_route=\/wp\/v2\/posts\/65902","targetHints":{"allow":["GET"]}}],"collection":[{"href":"https:\/\/zonaroja.com.mx\/index.php?rest_route=\/wp\/v2\/posts"}],"about":[{"href":"https:\/\/zonaroja.com.mx\/index.php?rest_route=\/wp\/v2\/types\/post"}],"author":[{"embeddable":true,"href":"https:\/\/zonaroja.com.mx\/index.php?rest_route=\/wp\/v2\/users\/2"}],"replies":[{"embeddable":true,"href":"https:\/\/zonaroja.com.mx\/index.php?rest_route=%2Fwp%2Fv2%2Fcomments&post=65902"}],"version-history":[{"count":1,"href":"https:\/\/zonaroja.com.mx\/index.php?rest_route=\/wp\/v2\/posts\/65902\/revisions"}],"predecessor-version":[{"id":65903,"href":"https:\/\/zonaroja.com.mx\/index.php?rest_route=\/wp\/v2\/posts\/65902\/revisions\/65903"}],"wp:featuredmedia":[{"embeddable":true,"href":"https:\/\/zonaroja.com.mx\/index.php?rest_route=\/wp\/v2\/media\/60030"}],"wp:attachment":[{"href":"https:\/\/zonaroja.com.mx\/index.php?rest_route=%2Fwp%2Fv2%2Fmedia&parent=65902"}],"wp:term":[{"taxonomy":"category","embeddable":true,"href":"https:\/\/zonaroja.com.mx\/index.php?rest_route=%2Fwp%2Fv2%2Fcategories&post=65902"},{"taxonomy":"post_tag","embeddable":true,"href":"https:\/\/zonaroja.com.mx\/index.php?rest_route=%2Fwp%2Fv2%2Ftags&post=65902"}],"curies":[{"name":"wp","href":"https:\/\/api.w.org\/{rel}","templated":true}]}}