{"id":65904,"date":"2024-03-03T21:32:57","date_gmt":"2024-03-04T03:32:57","guid":{"rendered":"http:\/\/www.zonaroja.com.mx\/?p=65904"},"modified":"2024-03-03T21:32:58","modified_gmt":"2024-03-04T03:32:58","slug":"registra-oaxaca-dos-incendios-forestales-activos-el-de-quiavini-al-95-de-control","status":"publish","type":"post","link":"https:\/\/zonaroja.com.mx\/?p=65904","title":{"rendered":"Registra Oaxaca dos incendios forestales activos; el de Quiavin\u00ed, al 95% de control"},"content":{"rendered":"\n<p>Ismael Garc\u00eda M.\/Zona Roja.<\/p>\n\n\n\n<p>Oaxaca de Ju\u00e1rez, Oax. 3 de marzo de 2024.- Dos incendios forestales est\u00e1n activos hasta este domingo en Oaxaca, de acuerdo con autoridades estatales y federales del sector forestal.<\/p>\n\n\n\n<p>Uno de ellos, en cerros de San Lucas Quiavin\u00ed, tienen un 95 por ciento de control y un 60 por ciento de liquidaci\u00f3n, inform\u00f3 esta noche el Gobierno del Estado.<\/p>\n\n\n\n<p>En el caso de San Miguel Chiamalapa, de acuerdo con la Comisi\u00f3n Nacional Forestal (Conafor), ocurre en los parajes \u201cEl Palmar\u201d, \u201cLoma de Portillo\u201d y \u201cCerro Atravesado\u201d, donde se consumen principalmente bosques de pino.<\/p>\n\n\n\n<p>Detall\u00f3 que en este caso se reporta un 50 por ciento de control y un 30 por ciento de liquidaci\u00f3n; participan 56 combatientes de brigadas estatales y federales y se cuenta con un equipo a\u00e9reo de la Comisi\u00f3n Nacional del Agua, que traslada agua a la zona.<\/p>\n\n\n\n<p>En un comunicado&nbsp;el gobierno de Oaxaca inform\u00f3 que, respecto a las conflagraciones en Quiavin\u00ed, San Dionisio Ocotepec y San Pablo G\u00fcila, a la fecha los trabajos acumulados suman nueve mil 800 horas, con 704 hect\u00e1reas afectadas, en donde los avances del control corresponden en un 95 por ciento a los trabajos realizados en tierra y cinco por ciento al uso de tecnolog\u00eda como los helic\u00f3pteros.<\/p>\n\n\n\n<p>La Comisi\u00f3n Estatal Forestal detall\u00f3 que derivado del incidente suscitado el pasado 27 de febrero, en el paraje cerro \u201cQuiavin\u00ed\u201d del municipio de San Lucas Quiavin\u00ed, se estableci\u00f3 un Sistema de Comando del Incidente en coordinaci\u00f3n con la Comisi\u00f3n Nacional Forestal (Conafor). &nbsp;<\/p>\n\n\n\n<p>\u201cDesde el primer momento se realizan actividades de combate mediante la apertura de brechas cortafuego y aplicaci\u00f3n de contrafuego, con personal responsable para la vigilancia, para evitar que se salga de control el incendio contenido\u201d.<\/p>\n\n\n\n<p>Los trabajos han sido coordinados adem\u00e1s con la Sego, Secretar\u00eda de la Defensa Nacional (Sedena), Secretar\u00eda de Marina (Semar), Guardia Nacional, Direcci\u00f3n General de Hangar, Coordinaci\u00f3n Estatal de Protecci\u00f3n Civil y Gesti\u00f3n de Riesgos (CEPCyGR) y la Secretar\u00eda de Seguridad y Protecci\u00f3n Ciudadana (SSPC).<\/p>\n\n\n\n<p>Al momento contin\u00faan activas las siguientes acciones: de Conafor siete brigadas con 38 elementos y cinco veh\u00edculos, de Coesfo cinco brigadas con 44 elementos y cuatro veh\u00edculos, y de Protecci\u00f3n Civil una brigada con 32 elementos.<\/p>\n\n\n\n<p>Asimismo, la Guardia Nacional participa con cuatro brigadas con 153 elementos y 24 veh\u00edculos, Sedena con cuatro brigadas con 115 elementos y 10 veh\u00edculos, y la SSPC con 31 polic\u00edas estatales con seis veh\u00edculos. En total 413 personas combatientes con 49 veh\u00edculos.<\/p>\n\n\n\n<p>En el mismo sentido la Coesfo indic\u00f3 que el helic\u00f3ptero MI-17, con helibalde con capacidad para 2 mil 500 litros, ha realizado seis descargas de agua, con corte hasta las 10:00 horas. En estas acciones participan cinco elementos: cuatro de la Marina y uno de la Conafor.<\/p>\n\n\n\n<p>El Gobierno del Estado cuenta con la participaci\u00f3n de la Direcci\u00f3n General del Hangar Oficial, en apoyo con el equipo a\u00e9reo Agusta 109E para sobrevuelos de reconocimiento y evaluaci\u00f3n en la zona afectada en coordinaci\u00f3n con especialistas en el manejo del fuego, para valorar la afectaci\u00f3n y localizar puntos estrat\u00e9gicos.<\/p>\n","protected":false},"excerpt":{"rendered":"<p>Ismael Garc\u00eda M.\/Zona Roja. Oaxaca de Ju\u00e1rez, Oax. 3 de marzo de 2024.- Dos incendios&hellip;<\/p>\n","protected":false},"author":2,"featured_media":65905,"comment_status":"closed","ping_status":"open","sticky":false,"template":"","format":"standard","meta":{"_lmt_disableupdate":"","_lmt_disable":"","_jetpack_memberships_contains_paid_content":false,"footnotes":""},"categories":[109,46],"tags":[1182],"class_list":["post-65904","post","type-post","status-publish","format-standard","has-post-thumbnail","hentry","category-minuto-a-minuto","category-zona-blanca","tag-san-lucas-quiavini"],"jetpack_featured_media_url":"https:\/\/zonaroja.com.mx\/wp-content\/uploads\/2024\/03\/Helicoptero-Sedena-San-Lucas-Quiavini.jpeg","jetpack_sharing_enabled":true,"_links":{"self":[{"href":"https:\/\/zonaroja.com.mx\/index.php?rest_route=\/wp\/v2\/posts\/65904","targetHints":{"allow":["GET"]}}],"collection":[{"href":"https:\/\/zonaroja.com.mx\/index.php?rest_route=\/wp\/v2\/posts"}],"about":[{"href":"https:\/\/zonaroja.com.mx\/index.php?rest_route=\/wp\/v2\/types\/post"}],"author":[{"embeddable":true,"href":"https:\/\/zonaroja.com.mx\/index.php?rest_route=\/wp\/v2\/users\/2"}],"replies":[{"embeddable":true,"href":"https:\/\/zonaroja.com.mx\/index.php?rest_route=%2Fwp%2Fv2%2Fcomments&post=65904"}],"version-history":[{"count":1,"href":"https:\/\/zonaroja.com.mx\/index.php?rest_route=\/wp\/v2\/posts\/65904\/revisions"}],"predecessor-version":[{"id":65906,"href":"https:\/\/zonaroja.com.mx\/index.php?rest_route=\/wp\/v2\/posts\/65904\/revisions\/65906"}],"wp:featuredmedia":[{"embeddable":true,"href":"https:\/\/zonaroja.com.mx\/index.php?rest_route=\/wp\/v2\/media\/65905"}],"wp:attachment":[{"href":"https:\/\/zonaroja.com.mx\/index.php?rest_route=%2Fwp%2Fv2%2Fmedia&parent=65904"}],"wp:term":[{"taxonomy":"category","embeddable":true,"href":"https:\/\/zonaroja.com.mx\/index.php?rest_route=%2Fwp%2Fv2%2Fcategories&post=65904"},{"taxonomy":"post_tag","embeddable":true,"href":"https:\/\/zonaroja.com.mx\/index.php?rest_route=%2Fwp%2Fv2%2Ftags&post=65904"}],"curies":[{"name":"wp","href":"https:\/\/api.w.org\/{rel}","templated":true}]}}