{"id":65907,"date":"2024-03-04T07:04:20","date_gmt":"2024-03-04T13:04:20","guid":{"rendered":"http:\/\/www.zonaroja.com.mx\/?p=65907"},"modified":"2024-03-04T07:04:23","modified_gmt":"2024-03-04T13:04:23","slug":"pvem-una-prostituta-muy-cara-que-regresa-a-sus-origenes-priistas","status":"publish","type":"post","link":"https:\/\/zonaroja.com.mx\/?p=65907","title":{"rendered":"PVEM: una prostituta muy cara que regresa a sus or\u00edgenes priistas"},"content":{"rendered":"\n<p>Ismael Garc\u00eda M.\/Zona Roja.<\/p>\n\n\n\n<p>Oaxaca de Ju\u00e1rez, Oax., a 4 de marzo de 2024.- \u00bfQui\u00e9n enga\u00f1\u00f3 a Morena y a los morenistas que el PVEM es un aliado de primera y que, junto con el PT lograr\u00edan resultados electorales avasalladores?<\/p>\n\n\n\n<p>Es una gran mentira y es una uni\u00f3n pol\u00edtica que s\u00f3lo ha demostrado el fracaso y ah\u00ed est\u00e1, por ejemplo, el Poder Legislativo federal, donde han la autollamada Cuarta Transformaci\u00f3n simplemente no pudo lograr los votos necesarios para el plan B de Andr\u00e9s Manuel L\u00f3pez Obrador. Ahora se aprestan para un plan C, que auguramos ser\u00e1 tambi\u00e9n un fracaso.<\/p>\n\n\n\n<p>Y, en contrario, la oposici\u00f3n, formada por el PRI-PRD-PAN, ha logrado avances significativos, ha puesto en aprietos en diversas ocasiones al morenismo\u2026 y se apresta a dar un campanazo presidencial.<\/p>\n\n\n\n<p>Pero repetimos la pregunta, \u00bfqui\u00e9n enga\u00f1\u00f3 a la 4T que el Partido Verde Ecologista es la panacea para arrasar electoral y legislativamente? Eso s\u00ed, los pol\u00edticos que se suman al Verde, que siguen siendo priistas, han logrado impunidad y m\u00e1s poder econ\u00f3mico, de manera particular, por supuesto.<\/p>\n\n\n\n<p>O, por poner otro ejemplo, \u00bfde qu\u00e9 ha servido la labor del senador Ra\u00fal Bola\u00f1os Cacho Cu\u00e9, de prosapia priista, impulsado por Alejandro Murat al Senado, y que jam\u00e1s se le ha visto en Oaxaca m\u00e1s que en cada campa\u00f1a pol\u00edtica? Y ahora resulta que busca una diputaci\u00f3n federal.<\/p>\n\n\n\n<p>M\u00c1S PRIISTAS<\/p>\n\n\n\n<p>En las dos \u00faltimas semanas, y en el cierre de las candidaturas a cargos de elecci\u00f3n popular federal, m\u00e1s priistas se han ido al PVEM, al no tener espacios para ellos en Morena, pero que al igual terminan siendo pr\u00e1cticamente lo mismo.<\/p>\n\n\n\n<p>Es el caso del priista Alejandro Avil\u00e9s como candidato a diputado federal por el Verde Ecologista, aliado de Morena, uno de muchos ejemplos.<\/p>\n\n\n\n<p>En realidad no hay empacho en \u00e9ste y los dem\u00e1s pol\u00edticos que, sin importar convicciones y los enormes favores recibidos por el PRI, cambian de partido con tal de seguir siendo favorecidos con cargos pol\u00edticos\u2026 para seguir enriqueci\u00e9ndose de manera f\u00e1cil.<\/p>\n\n\n\n<p>\u00bfQu\u00e9 aporta o aportar\u00e1 Avil\u00e9s \u00c1lvarez a la llamada Cuarta Transformaci\u00f3n? Nada, absolutamente nada m\u00e1s que desprestigio, que es el que trae a cuestas el pol\u00edtico originario de Cosolapa y que lleva tres legislaturas locales como diputado.<\/p>\n\n\n\n<p>\u00bfQu\u00e9 ganar\u00e1 Avil\u00e9s? Mucho, en exceso, y principalmente impunidad, que es lo que tambi\u00e9n gan\u00f3 Alejandro Murat, a quien tanto critic\u00f3 cuando \u00e9ste se fue a Morena.<\/p>\n\n\n\n<p>\u00bfAlguien se acuerda que alguna vez el gobierno de Salom\u00f3n Jara lo acus\u00f3 de corrupci\u00f3n y que persegu\u00eda al hermano de Alejandro Avil\u00e9s por supuestas anomal\u00edas en el Cecyte? Nada.<\/p>\n\n\n\n<p>Ah\u00ed est\u00e1 el caso de Samuel Gurri\u00f3n Mat\u00edas, ex priista, por el que gan\u00f3 una diputaci\u00f3n plurinominal, ahora diputado local que gan\u00f3 por el PRI pero que se pas\u00f3 al PVEM (junto con Eva Diego Cruz, hija de la otrora poderosa lideresa priista del mismo nombre, Eva Diego) y desde donde no ha hecho absolutamente nada.<\/p>\n\n\n\n<p>El juchiteco ni tiene seguidores ni tiene militantes ni se preocupa que los haya en ese partido, porque lo \u00fanico que le interesa son los negocios y el dinero, as\u00ed sea conseguido mediante favores sexuales.<\/p>\n\n\n\n<p>O el caso de Evel P\u00e9rez Maga\u00f1a, que desde hace muchos a\u00f1os, tras su fracasado intento priista de ser gobernador, no hace trabajo proselitista. Pero interesado en el futuro pol\u00edtico de su hija Elvia P\u00e9rez, la incrust\u00f3 en el Verde, donde ni resalta ni propone ni debate ni nada. S\u00f3lo levanta el dedo cuando el morenismo en el Congreso da la orden.<\/p>\n\n\n\n<p>\u00bfY qu\u00e9 hace Laura Estrada en el PVEM? Con la necedad de colocarla en un cargo popular importante, ahora se le incrust\u00f3 como candidata del Verde a la senadur\u00eda. Pero la se\u00f1ora ni tiene arrastre ni tiene trabajo partidista ni presencia ni nada. El fracaso lo demostr\u00f3 en la diputaci\u00f3n local por Morena, en la Secretar\u00eda de Bienestar y en la fallida aspiraci\u00f3n por Morena.<\/p>\n\n\n\n<p>O el borrachito Roberto P\u00e9rez Delgado, edil de San Pedro Ixtlahuaca, que gusta de los esc\u00e1ndalos en estado de ebriedad y en p\u00fablico, pero que no tiene ning\u00fan trabajo partidista, m\u00e1s el sello priista, y ahora quiere ir al Senado.<\/p>\n\n\n\n<p>El mismo caso de Luis Alfonso Silva Romo, un fracaso de pol\u00edtico que a pesar de ser llevado de la mano de No\u00e9 Jara Cruz e invertir en campa\u00f1as muchos millones de pesos, simplemente no creci\u00f3 ni logr\u00f3 popularidad. Otro fracasado que se va al Verde a ver si ah\u00ed consigue un cargo.<\/p>\n\n\n\n<p>En realidad poco o nada contribuir\u00e1n pol\u00edticamente las nuevas \u201cadquisiciones\u201d, mejor dicho imposiciones, en el Verde. En realidad son priistas disfrazados que se van al morenismo pero de relleno.<\/p>\n\n\n\n<p>En realidad es negocio del ex gobernador de Chiapas, Manuel Velasco, quien ha negociado econ\u00f3micamente toda clase de cargos y ha ordenado a su subalterno, Jos\u00e9 Antonio Estefan Guillesen (hijo del connotado priista Jos\u00e9 Antonio Estefan Garfias) para que acate y cumpla.<\/p>\n\n\n\n<p>MORENA PRIISTA<\/p>\n\n\n\n<p>En realidad Jos\u00e9 Murat ya sab\u00eda lo que se ven\u00eda con Morena y pact\u00f3 con L\u00f3pez Obrador darle todo, todo el apoyo, para impulsar en Oaxaca su campa\u00f1a presidencial y a la vez no mover un dedo a favor del aspirante priista.<\/p>\n\n\n\n<p>Y as\u00ed se vino el intercambio de favores: Murat pidi\u00f3 y obtuvo el respaldo del morenismo para que su hijo ganara la gubernatura, as\u00ed fuere torciendo la ley, pues es originario del Estado de M\u00e9xico.<\/p>\n\n\n\n<p>Luego Alejandro Murat recibi\u00f3 \u00f3rdenes (que en toda su vida pol\u00edtica es lo \u00fanico que ha hecho) para dejar perder la gubernatura de Oaxaca. Y como pago, recibi\u00f3 una candidatura al Senado.<\/p>\n\n\n\n<p>Esa es la triste realidad del movimiento de la Cuarta Transformaci\u00f3n, que ahora va en reversa, directo a parecerse cada d\u00eda m\u00e1s al PRI, con priistas de lo m\u00e1s rancio y corrupto.<\/p>\n\n\n\n<p>Pero lo que no han previsto los morenistas es que, como ya lo hemos advertido en este espacio, el importante n\u00famero de priistas en el partido guinda, ha generado ya resquemores, que terminar\u00e1n en una desbandada, en una divisi\u00f3n y en p\u00e9rdidas electorales.<\/p>\n\n\n\n<p>De hecho, ya ocurre en el sentir de los mexicanos que no ven un partido ni un gobierno federal diferente, con Andr\u00e9s Manuel L\u00f3pez Obrador, pues la corrupci\u00f3n aflora cada vez m\u00e1s.<\/p>\n\n\n\n<p>La grave inseguridad crece; el crimen organizado se fortalece y disputa espacios y curules y gobierno en este proceso electoral; nadie puede pararlo, y por el contrario se le trata con displicencia para que haga y deshaga a su antojo.<\/p>\n\n\n\n<p>A L\u00f3pez Obrador le quedan nueve meses de gobierno, pero el mando formal ya no lo tiene ni tendr\u00e1, pues trasmuta a quien \u00e9l impuso como candidata, por encima de mejores cuadros pol\u00edticos.<\/p>\n\n\n\n<p>En consecuencia, ya no tiene ni tendr\u00e1 oportunidad de revertir la crisis social y de pobreza y de enfermedades que d\u00eda con d\u00eda se acrecienta. Pero seguir\u00e1 gobernando Morena e imponiendo sus caprichos en ese partido. Hasta destruir el monstruo que cre\u00f3 y volver a los or\u00edgenes tricolores.<\/p>\n\n\n\n<p>Por cierto, \u00bfcu\u00e1ndo le echar\u00e1n la culpa al \u201cse\u00f1or de Polanco\u201d de haber sido uno de los principales impulsores de la alianza del PVEM con Morena? \u00bfHasta que se den cuenta que los priistas del Verde se apoderan totalmente del morenismo y desplazan a los militantes guindas org\u00e1nicos?<\/p>\n\n\n\n<p>O est\u00e1n felices de tener tanto priista se\u00f1alado de corrupci\u00f3n y que no mueve un solo dedo, ni en el Legislativo ni en el fortalecimiento del partido para consolidarlo en el pa\u00eds. <\/p>\n","protected":false},"excerpt":{"rendered":"<p>Ismael Garc\u00eda M.\/Zona Roja. Oaxaca de Ju\u00e1rez, Oax., a 4 de marzo de 2024.- \u00bfQui\u00e9n&hellip;<\/p>\n","protected":false},"author":2,"featured_media":41735,"comment_status":"closed","ping_status":"open","sticky":false,"template":"","format":"standard","meta":{"_lmt_disableupdate":"","_lmt_disable":"","_jetpack_memberships_contains_paid_content":false,"footnotes":""},"categories":[456,109,48],"tags":[1353],"class_list":["post-65907","post","type-post","status-publish","format-standard","has-post-thumbnail","hentry","category-columna","category-minuto-a-minuto","category-zona-critica","tag-opinion-zona-critica"],"jetpack_featured_media_url":"https:\/\/zonaroja.com.mx\/wp-content\/uploads\/2022\/05\/Opinion-Ismael-Garcia-M.jpg","jetpack_sharing_enabled":true,"_links":{"self":[{"href":"https:\/\/zonaroja.com.mx\/index.php?rest_route=\/wp\/v2\/posts\/65907","targetHints":{"allow":["GET"]}}],"collection":[{"href":"https:\/\/zonaroja.com.mx\/index.php?rest_route=\/wp\/v2\/posts"}],"about":[{"href":"https:\/\/zonaroja.com.mx\/index.php?rest_route=\/wp\/v2\/types\/post"}],"author":[{"embeddable":true,"href":"https:\/\/zonaroja.com.mx\/index.php?rest_route=\/wp\/v2\/users\/2"}],"replies":[{"embeddable":true,"href":"https:\/\/zonaroja.com.mx\/index.php?rest_route=%2Fwp%2Fv2%2Fcomments&post=65907"}],"version-history":[{"count":1,"href":"https:\/\/zonaroja.com.mx\/index.php?rest_route=\/wp\/v2\/posts\/65907\/revisions"}],"predecessor-version":[{"id":65908,"href":"https:\/\/zonaroja.com.mx\/index.php?rest_route=\/wp\/v2\/posts\/65907\/revisions\/65908"}],"wp:featuredmedia":[{"embeddable":true,"href":"https:\/\/zonaroja.com.mx\/index.php?rest_route=\/wp\/v2\/media\/41735"}],"wp:attachment":[{"href":"https:\/\/zonaroja.com.mx\/index.php?rest_route=%2Fwp%2Fv2%2Fmedia&parent=65907"}],"wp:term":[{"taxonomy":"category","embeddable":true,"href":"https:\/\/zonaroja.com.mx\/index.php?rest_route=%2Fwp%2Fv2%2Fcategories&post=65907"},{"taxonomy":"post_tag","embeddable":true,"href":"https:\/\/zonaroja.com.mx\/index.php?rest_route=%2Fwp%2Fv2%2Ftags&post=65907"}],"curies":[{"name":"wp","href":"https:\/\/api.w.org\/{rel}","templated":true}]}}