{"id":65909,"date":"2024-03-04T07:18:12","date_gmt":"2024-03-04T13:18:12","guid":{"rendered":"http:\/\/www.zonaroja.com.mx\/?p=65909"},"modified":"2024-03-04T07:18:13","modified_gmt":"2024-03-04T13:18:13","slug":"autoridades-del-valle-de-tlacolula-demandan-indemnizacion-por-incendio-forestal","status":"publish","type":"post","link":"https:\/\/zonaroja.com.mx\/?p=65909","title":{"rendered":"Autoridades del Valle de Tlacolula demandan indemnizaci\u00f3n por incendio forestal"},"content":{"rendered":"\n<p>Redacci\u00f3n\/Zona Roja.<\/p>\n\n\n\n<p>Oaxaca de Ju\u00e1rez, Oax., a 4 de marzo de 2024.- Autoridades de San Lucas Quiavin\u00ed, San Pablo G\u00fcil\u00e1, San Felipe G\u00fcil\u00e1, Rancho Blanco, Tierra Blanca, Colorado, Santiago Matatl\u00e1n y San Dionisio Ocotepec, entregaron la tarde de este domingo, una minuta de acuerdo con la Secretar\u00eda General de Gobierno (SEGO) y remitida al Gobierno del Estado para el plan de resarcimiento de da\u00f1os tras contingencia por incendio en esta demarcaci\u00f3n.&nbsp;<\/p>\n\n\n\n<p>Luego de las acciones emprendidas por un helic\u00f3ptero de la Marina para sofocar el incendio en m\u00e1s de 700 hect\u00e1reas, el presidente municipal de Quiavin\u00ed, Rafael Morales Curiel, se\u00f1al\u00f3 que qued\u00f3 extinguido el fuego en un 95 por ciento hasta la tarde de este domingo; por lo &nbsp;cual agradeci\u00f3 y &nbsp;reconoci\u00f3 la labor realizada por las Fuerzas Armadas, la intervenci\u00f3n del gobierno y el apoyo, adem\u00e1s del hermanamiento de las comunidades como Santiago Matatl\u00e1n y San Dionisio Ocotepec.&nbsp;<\/p>\n\n\n\n<p>Por su parte el presidente municipal de Santiago Matatl\u00e1n, Rogelio Hern\u00e1ndez &nbsp;Sernas, ofreci\u00f3 disculpas a la comunidad por el bloqueo que emprendieron sobre la carretera 190 &nbsp;para exigir el apoyo a\u00e9reo e hizo hincapi\u00e9 que las comunidades enfrentaron esta tragedia sin una capacitaci\u00f3n &nbsp;al respecto, por lo que dentro del pliego petitorio se pide &nbsp;de la dotaci\u00f3n de equipamiento &nbsp;para combate de incendios.&nbsp;<\/p>\n\n\n\n<p>El presidente municipal de San Dionisio Ocotepec, Fortino Ruiz M\u00e9ndez, dio a conocer que luego de que se logr\u00f3 la extinci\u00f3n del incendio se busca emprender un plan de resarcimiento de da\u00f1os; como la indemnizaci\u00f3n de los familiares de los cinco fallecidos durante el incendio; Pedro Curiel Diego, Celso Diego Morales, Rafael Antonio Morales, Jos\u00e9 Hern\u00e1ndez L\u00f3pez y Felipe L\u00f3pez Garc\u00eda.&nbsp;<\/p>\n\n\n\n<p>Adem\u00e1s de un programa de atenci\u00f3n m\u00e9dica para las personas que participaron en el combate de este incendio.y de las brigadas de Comisi\u00f3n Nacional Forestal, la Comisi\u00f3n Estatal Forestal y voluntarios.<\/p>\n\n\n\n<p>En esta firma de la minuta entregada participaron tambi\u00e9n &nbsp;Mat\u00edas Luis Santiago, agente municipal de San Pablo G\u00fcil\u00e1; Gerardo Marcial Hern\u00e1ndez, agente municipal de San Felipe, as\u00ed como Donato Vargas, coordinador de delegados de Paz del gobierno de Oaxaca, quien se\u00f1al\u00f3 que desde la noche del s\u00e1bado han participado en la mesa de di\u00e1logo con las comunidades citadas.&nbsp;<\/p>\n\n\n\n<p>Los pobladores de San Dionisio Ocotepec adem\u00e1s de apoyar &nbsp;en instalaci\u00f3n del bloqueo con el que se exigi\u00f3 el helic\u00f3ptero para sofocar el incendio, realiz\u00f3 acciones de limpieza &nbsp;en sus colindancias para evitar la llegada del fuego que atemoriz\u00f3 durante 6 d\u00edas a los pobladores de Quiavin\u00ed.<\/p>\n","protected":false},"excerpt":{"rendered":"<p>Redacci\u00f3n\/Zona Roja. Oaxaca de Ju\u00e1rez, Oax., a 4 de marzo de 2024.- Autoridades de San&hellip;<\/p>\n","protected":false},"author":2,"featured_media":65910,"comment_status":"closed","ping_status":"open","sticky":false,"template":"","format":"standard","meta":{"_lmt_disableupdate":"","_lmt_disable":"","_jetpack_memberships_contains_paid_content":false,"footnotes":""},"categories":[109,47],"tags":[1182],"class_list":["post-65909","post","type-post","status-publish","format-standard","has-post-thumbnail","hentry","category-minuto-a-minuto","category-zona-gris","tag-san-lucas-quiavini"],"jetpack_featured_media_url":"https:\/\/zonaroja.com.mx\/wp-content\/uploads\/2024\/03\/Reunion-autoridades-municipales-valle-de-Tlacolula-Quiavini.jpg","jetpack_sharing_enabled":true,"_links":{"self":[{"href":"https:\/\/zonaroja.com.mx\/index.php?rest_route=\/wp\/v2\/posts\/65909","targetHints":{"allow":["GET"]}}],"collection":[{"href":"https:\/\/zonaroja.com.mx\/index.php?rest_route=\/wp\/v2\/posts"}],"about":[{"href":"https:\/\/zonaroja.com.mx\/index.php?rest_route=\/wp\/v2\/types\/post"}],"author":[{"embeddable":true,"href":"https:\/\/zonaroja.com.mx\/index.php?rest_route=\/wp\/v2\/users\/2"}],"replies":[{"embeddable":true,"href":"https:\/\/zonaroja.com.mx\/index.php?rest_route=%2Fwp%2Fv2%2Fcomments&post=65909"}],"version-history":[{"count":1,"href":"https:\/\/zonaroja.com.mx\/index.php?rest_route=\/wp\/v2\/posts\/65909\/revisions"}],"predecessor-version":[{"id":65911,"href":"https:\/\/zonaroja.com.mx\/index.php?rest_route=\/wp\/v2\/posts\/65909\/revisions\/65911"}],"wp:featuredmedia":[{"embeddable":true,"href":"https:\/\/zonaroja.com.mx\/index.php?rest_route=\/wp\/v2\/media\/65910"}],"wp:attachment":[{"href":"https:\/\/zonaroja.com.mx\/index.php?rest_route=%2Fwp%2Fv2%2Fmedia&parent=65909"}],"wp:term":[{"taxonomy":"category","embeddable":true,"href":"https:\/\/zonaroja.com.mx\/index.php?rest_route=%2Fwp%2Fv2%2Fcategories&post=65909"},{"taxonomy":"post_tag","embeddable":true,"href":"https:\/\/zonaroja.com.mx\/index.php?rest_route=%2Fwp%2Fv2%2Ftags&post=65909"}],"curies":[{"name":"wp","href":"https:\/\/api.w.org\/{rel}","templated":true}]}}