{"id":65916,"date":"2024-03-04T12:29:00","date_gmt":"2024-03-04T18:29:00","guid":{"rendered":"http:\/\/www.zonaroja.com.mx\/?p=65916"},"modified":"2024-03-04T07:39:31","modified_gmt":"2024-03-04T13:39:31","slug":"cuenta-el-congreso-de-oaxaca-con-periodico-legislativo","status":"publish","type":"post","link":"https:\/\/zonaroja.com.mx\/?p=65916","title":{"rendered":"Cuenta el Congreso de Oaxaca con Peri\u00f3dico Legislativo"},"content":{"rendered":"\n<p>Redacci\u00f3n\/Zona Roja.<\/p>\n\n\n\n<p>Oaxaca de Ju\u00e1rez, Oax., a 4 de marzo de 2024.- Con la finalidad de mantener informada a la sociedad sobre el quehacer parlamentario del Congreso de Oaxaca, fue publicado digitalmente la primera edici\u00f3n del Peri\u00f3dico Legislativo.<\/p>\n\n\n\n<p>A trav\u00e9s de este medio informativo, la Direcci\u00f3n de Comunicaci\u00f3n Social del Poder Legislativo difunde lo m\u00e1s relevante sobre el trabajo realizado en el primer trimestre de este tercer a\u00f1o de ejercicio legal de la LXV Legislatura local.<\/p>\n\n\n\n<p>Contiene informaci\u00f3n sobre las reformas aprobadas a la Constituci\u00f3n de Oaxaca, a la Ley Estatal de Acceso de las Mujeres a una Vida Libre de Violencia de G\u00e9nero, a la Ley Estatal de Derechos, a la Ley de Agua Potable y Alcantarillado en el Estado, as\u00ed como la aprobaci\u00f3n del Presupuesto de Egresos para Oaxaca para el ejercicio fiscal 2024.<\/p>\n\n\n\n<p>Podr\u00e1n consultar digitalmente la primera edici\u00f3n en la p\u00e1gina web de Comunicaci\u00f3n Social del Congreso de Oaxaca y en las redes sociales. https:\/\/congresooaxacacomunicacionsocial.info\/periodico-legislativo\/<\/p>\n","protected":false},"excerpt":{"rendered":"<p>Redacci\u00f3n\/Zona Roja. Oaxaca de Ju\u00e1rez, Oax., a 4 de marzo de 2024.- Con la finalidad&hellip;<\/p>\n","protected":false},"author":2,"featured_media":65917,"comment_status":"closed","ping_status":"open","sticky":false,"template":"","format":"standard","meta":{"_lmt_disableupdate":"","_lmt_disable":"","_jetpack_memberships_contains_paid_content":false,"footnotes":""},"categories":[109,46],"tags":[2743],"class_list":["post-65916","post","type-post","status-publish","format-standard","has-post-thumbnail","hentry","category-minuto-a-minuto","category-zona-blanca","tag-65-legislatura-del-estado-de-oaxaca"],"jetpack_featured_media_url":"https:\/\/zonaroja.com.mx\/wp-content\/uploads\/2024\/03\/Periodico-Congreso-de-Oaxaca.jpg","jetpack_sharing_enabled":true,"_links":{"self":[{"href":"https:\/\/zonaroja.com.mx\/index.php?rest_route=\/wp\/v2\/posts\/65916","targetHints":{"allow":["GET"]}}],"collection":[{"href":"https:\/\/zonaroja.com.mx\/index.php?rest_route=\/wp\/v2\/posts"}],"about":[{"href":"https:\/\/zonaroja.com.mx\/index.php?rest_route=\/wp\/v2\/types\/post"}],"author":[{"embeddable":true,"href":"https:\/\/zonaroja.com.mx\/index.php?rest_route=\/wp\/v2\/users\/2"}],"replies":[{"embeddable":true,"href":"https:\/\/zonaroja.com.mx\/index.php?rest_route=%2Fwp%2Fv2%2Fcomments&post=65916"}],"version-history":[{"count":1,"href":"https:\/\/zonaroja.com.mx\/index.php?rest_route=\/wp\/v2\/posts\/65916\/revisions"}],"predecessor-version":[{"id":65918,"href":"https:\/\/zonaroja.com.mx\/index.php?rest_route=\/wp\/v2\/posts\/65916\/revisions\/65918"}],"wp:featuredmedia":[{"embeddable":true,"href":"https:\/\/zonaroja.com.mx\/index.php?rest_route=\/wp\/v2\/media\/65917"}],"wp:attachment":[{"href":"https:\/\/zonaroja.com.mx\/index.php?rest_route=%2Fwp%2Fv2%2Fmedia&parent=65916"}],"wp:term":[{"taxonomy":"category","embeddable":true,"href":"https:\/\/zonaroja.com.mx\/index.php?rest_route=%2Fwp%2Fv2%2Fcategories&post=65916"},{"taxonomy":"post_tag","embeddable":true,"href":"https:\/\/zonaroja.com.mx\/index.php?rest_route=%2Fwp%2Fv2%2Ftags&post=65916"}],"curies":[{"name":"wp","href":"https:\/\/api.w.org\/{rel}","templated":true}]}}