{"id":65919,"date":"2024-03-04T09:30:00","date_gmt":"2024-03-04T15:30:00","guid":{"rendered":"http:\/\/www.zonaroja.com.mx\/?p=65919"},"modified":"2024-03-04T07:44:59","modified_gmt":"2024-03-04T13:44:59","slug":"en-el-iago-exposicion-grafica-del-movimiento-expresionista-con-obras-de-toledo","status":"publish","type":"post","link":"https:\/\/zonaroja.com.mx\/?p=65919","title":{"rendered":"En el IAGO, exposici\u00f3n gr\u00e1fica del movimiento expresionista, con obras de Toledo"},"content":{"rendered":"\n<p>Redacci\u00f3n\/Zona Roja.<\/p>\n\n\n\n<p>Oaxaca de Ju\u00e1rez, Oax., a 4 de marzo de 2024.- &nbsp;Pocas veces es abordado el movimiento expresionista en exposiciones, en esta ocasi\u00f3n el Instituto de Artes Gr\u00e1ficas de Oaxaca (IAGO) hace una revisi\u00f3n en su acervo gr\u00e1fico y propone la muestra&nbsp;Emanaciones expresionistas en la Colecci\u00f3n Toledo&nbsp;que estar\u00e1 del 2 de marzo al 1 de mayo de 2024.<\/p>\n\n\n\n<p>Ariel Miranda, curadora de la muestra mencion\u00f3 que la exposici\u00f3n est\u00e1 dedicada al expresionismo, \u201cmovimiento cultural gestado a principios del siglo XX en Alemania, que marc\u00f3 una ruptura en el arte producido durante la \u00e9poca, siendo uno de los movimientos m\u00e1s importantes en el arte moderno, y cuyos motivos creativos buscaban construir una realidad propia, hallada en el interior de cada uno de los artistas, una visi\u00f3n existencialista vinculada a la alteraci\u00f3n de las formas, la naturaleza y de la realidad que la compone\u201d.<\/p>\n\n\n\n<p>Se trata de una exhibici\u00f3n que explora el movimiento expresionista a trav\u00e9s de la gr\u00e1fica y la visi\u00f3n de los artistas que lo articularon, tales como Oskar Kokoschka, Lovis Corinth, Paul Gauguin, Walther Klemm, Karl Schmidt-Rottluff, Emil Nolde, Alfred Kubin, Ernst Barlach, Max Pechstein, George Rouault, George Grosz, Max Beckmann, Edward Burra, Conrad Felixm\u00fcller, K\u00e4the Kollwitz, Frans Masereel y Richard M\u00fcller; y presenta una parte de los principios, influencia o convergencia del expresionismo en Alemania y su extensi\u00f3n en otros territorios.<\/p>\n\n\n\n<p>\u201cAlgunos de los temas abordados dentro de la exposici\u00f3n tiene que ver con aspectos t\u00e9cnicos, como el resurgimiento de la xilograf\u00eda y otras t\u00e9cnicas del grabado, tambi\u00e9n se abordaron algunos temas hist\u00f3ricos, sociales y cotidianos que trataron este movimiento\u201d, detall\u00f3 Miranda.<\/p>\n\n\n\n<p>Agreg\u00f3 que los asistentes \u201cpodr\u00e1n ver una de las obras m\u00e1s tempranas de Oskar Kokoschka, son litograf\u00edas de 1917 y fue la primera obra litogr\u00e1fica que realiz\u00f3 el artista, son ilustraciones para un cuento infantil que se llama, Los Chicos So\u00f1adores\u201d.<\/p>\n\n\n\n<p>\u201cEn la muestra tambi\u00e9n se abordan algunas corrientes art\u00edsticas que tuvieron<\/p>\n\n\n\n<p>confluencias con el expresionismo, entre las cuales est\u00e1n la Secesi\u00f3n de Viena, Secesi\u00f3n de Berl\u00edn, El Jinete Azul, El Puente y la Nueva objetividad\u201d.<\/p>\n\n\n\n<p>Mirando detall\u00f3 que las obras son parte de la Colecci\u00f3n Toledo la cual es una de las m\u00e1s importantes especializada en artes gr\u00e1ficas en Am\u00e9rica Latina, tanto por extensi\u00f3n como por albergar obras de diferentes movimientos, de diferentes artistas y \u00e9pocas.&nbsp;<\/p>\n\n\n\n<p>\u201cEl artista Francisco Toledo (1940-2019) empez\u00f3 a conformar la colecci\u00f3n en la d\u00e9cada de los setentas del siglo pasado, y uno de los planteamientos m\u00e1s importantes que tiene la colecci\u00f3n es seguir revisando su acervo, explorarlo, mirar hacia adentro, redescubrirlo para mantener un di\u00e1logo constante con todas las piezas, as\u00ed como con los espacios que fund\u00f3 el maestro, proponiendo exposiciones para que todos los p\u00fablicos tengan acceso al arte\u201d.<\/p>\n\n\n\n<p>Emanaciones expresionistas en la Colecci\u00f3n Toledo se agrega a una lista muy reducida de exposiciones que se han hecho en M\u00e9xico dedicadas al expresionismo y a las artes gr\u00e1ficas, una de las m\u00e1s recientes se realiz\u00f3 en 2012 en el Palacio de Bellas Artes.<\/p>\n","protected":false},"excerpt":{"rendered":"<p>Redacci\u00f3n\/Zona Roja. Oaxaca de Ju\u00e1rez, Oax., a 4 de marzo de 2024.- &nbsp;Pocas veces es&hellip;<\/p>\n","protected":false},"author":2,"featured_media":65920,"comment_status":"closed","ping_status":"open","sticky":false,"template":"","format":"standard","meta":{"_lmt_disableupdate":"","_lmt_disable":"","_jetpack_memberships_contains_paid_content":false,"footnotes":""},"categories":[109,46],"tags":[791],"class_list":["post-65919","post","type-post","status-publish","format-standard","has-post-thumbnail","hentry","category-minuto-a-minuto","category-zona-blanca","tag-instituto-de-artes-graficas-de-oaxaca"],"jetpack_featured_media_url":"https:\/\/zonaroja.com.mx\/wp-content\/uploads\/2024\/03\/Movimiento-expresionista-exposicion-IAGO.jpg","jetpack_sharing_enabled":true,"_links":{"self":[{"href":"https:\/\/zonaroja.com.mx\/index.php?rest_route=\/wp\/v2\/posts\/65919","targetHints":{"allow":["GET"]}}],"collection":[{"href":"https:\/\/zonaroja.com.mx\/index.php?rest_route=\/wp\/v2\/posts"}],"about":[{"href":"https:\/\/zonaroja.com.mx\/index.php?rest_route=\/wp\/v2\/types\/post"}],"author":[{"embeddable":true,"href":"https:\/\/zonaroja.com.mx\/index.php?rest_route=\/wp\/v2\/users\/2"}],"replies":[{"embeddable":true,"href":"https:\/\/zonaroja.com.mx\/index.php?rest_route=%2Fwp%2Fv2%2Fcomments&post=65919"}],"version-history":[{"count":1,"href":"https:\/\/zonaroja.com.mx\/index.php?rest_route=\/wp\/v2\/posts\/65919\/revisions"}],"predecessor-version":[{"id":65921,"href":"https:\/\/zonaroja.com.mx\/index.php?rest_route=\/wp\/v2\/posts\/65919\/revisions\/65921"}],"wp:featuredmedia":[{"embeddable":true,"href":"https:\/\/zonaroja.com.mx\/index.php?rest_route=\/wp\/v2\/media\/65920"}],"wp:attachment":[{"href":"https:\/\/zonaroja.com.mx\/index.php?rest_route=%2Fwp%2Fv2%2Fmedia&parent=65919"}],"wp:term":[{"taxonomy":"category","embeddable":true,"href":"https:\/\/zonaroja.com.mx\/index.php?rest_route=%2Fwp%2Fv2%2Fcategories&post=65919"},{"taxonomy":"post_tag","embeddable":true,"href":"https:\/\/zonaroja.com.mx\/index.php?rest_route=%2Fwp%2Fv2%2Ftags&post=65919"}],"curies":[{"name":"wp","href":"https:\/\/api.w.org\/{rel}","templated":true}]}}