{"id":65926,"date":"2024-03-04T10:10:57","date_gmt":"2024-03-04T16:10:57","guid":{"rendered":"http:\/\/www.zonaroja.com.mx\/?p=65926"},"modified":"2024-03-04T10:10:58","modified_gmt":"2024-03-04T16:10:58","slug":"asesinan-en-guerrero-al-ex-suegro-de-la-gobernadora-morenista-evelyn-salgado","status":"publish","type":"post","link":"https:\/\/zonaroja.com.mx\/?p=65926","title":{"rendered":"Asesinan en Guerrero al ex suegro de la gobernadora morenista Evelyn Salgado"},"content":{"rendered":"\n<p>Redacci\u00f3n\/Zona Roja Cdmx.<\/p>\n\n\n\n<p>Ciudad de M\u00e9xico, a 4 de marzo de 2024.- La ola de violencia que se vive en Guerrero contin\u00faa y horas despu\u00e9s de que se registrara el asesinato de Alfredo Gonz\u00e1lez D\u00edaz, candidato del Partido del Trabajo (PT) a la alcald\u00eda de Atoyac de \u00c1lvarez, tambi\u00e9n se dio a conocer la muerte del exsuegro de la gobernadora de dicha entidad, Evelyn Salgado Pineda.<\/p>\n\n\n\n<p>De acuerdo con la informaci\u00f3n de medios locales, Joaqu\u00edn Alonso Piedra, mejor conocido por su alias \u201cEl Abul\u00f3n\u201d, fue asesinado a balazos en el fraccionamiento Joyas de Brisamar, en Acapulco.<\/p>\n\n\n\n<p>La v\u00edctima habr\u00eda sido atacada en su propio domicilio alrededor de las 19:00 horas del domingo 3 de marzo. Durante el ataque una mujer, presuntamente su esposa, result\u00f3 herida, aunque las autoridades a\u00fan no han proporcionado detalles adicionales sobre su estado de salud.<\/p>\n\n\n\n<p>Seg\u00fan vecinos, a Alonso Piedra ya lo esperaba una persona, quien habr\u00eda disparado en su contra en repetidas ocasiones en contra del veh\u00edculo blanco en el que tambi\u00e9n viajaban su esposa e hijo. Supuestamente el exsuegro de Salgado Pineda falleci\u00f3 mientras era atendido en un hospital.<\/p>\n\n\n\n<p>El lugar qued\u00f3 resguardado por elementos de la Secretar\u00eda de Seguridad mientras elementos de la Fiscal\u00eda arribaban al punto. Se dice que en el sitio quedaron al menos una decena de casquillos percutidos.<\/p>\n\n\n\n<p>Cabe apuntar que hasta el momento ni la mandataria estatal ni la Fiscal\u00eda General del Estado de Guerrero han dado mayor informaci\u00f3n sobre este crimen.<\/p>\n\n\n\n<p>NEXOS CON EL NARCO<\/p>\n\n\n\n<p>Joaqu\u00edn Alonso Piedra, conocido tambi\u00e9n como \u00abEl Abul\u00f3n\u00bb, su hijo, Evelyn Salgado Pineda y \u00abLa Se\u00f1ora\u00bb. (X\/@AlzagaBeltran)<\/p>\n\n\n\n<p>En 2016, Alonso Piedra gener\u00f3 atenci\u00f3n de los medios y las autoridades al ser detenido bajo acusaciones de presunto lavado de dinero y de tener posibles v\u00ednculos con el crimen organizado en Acapulco. La v\u00edctima hab\u00eda salido hace casi dos a\u00f1os del penal de Puente Grande, Jalisco, donde estuvo preso siete a\u00f1os por estos delitos.<\/p>\n\n\n\n<p>Seg\u00fan lo registrado por los medios en ese entonces, el tambi\u00e9n empresario fue detenido acusado por el gobierno federal de ser el operador financiero del c\u00e1rtel de los Beltr\u00e1n Leyva en esta ciudad. Durante la misma operaci\u00f3n, fue detenido su hijo menor, Iv\u00e1n David Alonso Bustamante, quien ten\u00eda un cargo en la fundaci\u00f3n priista Colosio en Guerrero.<\/p>\n\n\n\n<p>A ra\u00edz de estas detenciones, se interpusieron amparos argumentando la ilegalidad de las acciones de detenci\u00f3n. La captura de Joaqu\u00edn Alonso Piedra fue confirmada por miembros del gabinete de seguridad Grupo Coordinaci\u00f3n Guerrero y el entonces coordinador de la Divisi\u00f3n de Investigaci\u00f3n de la Polic\u00eda Federal, Omar Garc\u00eda Harfuch.<\/p>\n\n\n\n<p>Seg\u00fan las investigaciones, el padre del exesposo de la gobernadora trabaj\u00f3 por a\u00f1os para dicho grupo criminal. En ese entonces, la situaci\u00f3n de seguridad en Guerrero se vio afectada por actos violentos atribuidos a Los Rusos, un brazo armado de los Beltr\u00e1n Leyva, quienes afirmaron operar bajo las \u00f3rdenes de \u201cLa Se\u00f1ora\u201d, esposa del entonces detenido narcotraficante H\u00e9ctor Beltr\u00e1n Leyva. \u201cLa Se\u00f1ora\u201d y \u201cEl Abul\u00f3n\u201d trabajaban juntos en operaciones financieras para el c\u00e1rtel, revelando una compleja red de nexos entre el narcotr\u00e1fico y sectores empresariales y pol\u00edticos de Acapulco.<\/p>\n\n\n\n<p>\u201cEl Abul\u00f3n\u201d fue capturado por las autoridades el 28 de julio de 2016, junto con uno de sus hijos, y fue se\u00f1alado como la conexi\u00f3n entre los Beltr\u00e1n Leyva y la \u00e9lite empresarial y pol\u00edtica de Acapulco. Las acusaciones contra \u00e9l y miembros de su familia pusieron al descubierto la profunda infiltraci\u00f3n del narcotr\u00e1fico en la pol\u00edtica local, lo que gener\u00f3 pol\u00e9mica y preocupaci\u00f3n en el contexto de la contienda electoral en Guerrero.<\/p>\n\n\n\n<p>(Informaci\u00f3n de Infobae M\u00e9xico)<\/p>\n","protected":false},"excerpt":{"rendered":"<p>Redacci\u00f3n\/Zona Roja Cdmx. Ciudad de M\u00e9xico, a 4 de marzo de 2024.- La ola de&hellip;<\/p>\n","protected":false},"author":2,"featured_media":65927,"comment_status":"closed","ping_status":"open","sticky":false,"template":"","format":"standard","meta":{"_lmt_disableupdate":"","_lmt_disable":"","_jetpack_memberships_contains_paid_content":false,"footnotes":""},"categories":[109,51],"tags":[3861],"class_list":["post-65926","post","type-post","status-publish","format-standard","has-post-thumbnail","hentry","category-minuto-a-minuto","category-zona-roja","tag-joaquin-alonso-piedra"],"jetpack_featured_media_url":"https:\/\/zonaroja.com.mx\/wp-content\/uploads\/2024\/03\/Joaquin-Alonso-ex-suegro-de-Evelyn-Salgado-Guerrero.jpeg","jetpack_sharing_enabled":true,"_links":{"self":[{"href":"https:\/\/zonaroja.com.mx\/index.php?rest_route=\/wp\/v2\/posts\/65926","targetHints":{"allow":["GET"]}}],"collection":[{"href":"https:\/\/zonaroja.com.mx\/index.php?rest_route=\/wp\/v2\/posts"}],"about":[{"href":"https:\/\/zonaroja.com.mx\/index.php?rest_route=\/wp\/v2\/types\/post"}],"author":[{"embeddable":true,"href":"https:\/\/zonaroja.com.mx\/index.php?rest_route=\/wp\/v2\/users\/2"}],"replies":[{"embeddable":true,"href":"https:\/\/zonaroja.com.mx\/index.php?rest_route=%2Fwp%2Fv2%2Fcomments&post=65926"}],"version-history":[{"count":1,"href":"https:\/\/zonaroja.com.mx\/index.php?rest_route=\/wp\/v2\/posts\/65926\/revisions"}],"predecessor-version":[{"id":65928,"href":"https:\/\/zonaroja.com.mx\/index.php?rest_route=\/wp\/v2\/posts\/65926\/revisions\/65928"}],"wp:featuredmedia":[{"embeddable":true,"href":"https:\/\/zonaroja.com.mx\/index.php?rest_route=\/wp\/v2\/media\/65927"}],"wp:attachment":[{"href":"https:\/\/zonaroja.com.mx\/index.php?rest_route=%2Fwp%2Fv2%2Fmedia&parent=65926"}],"wp:term":[{"taxonomy":"category","embeddable":true,"href":"https:\/\/zonaroja.com.mx\/index.php?rest_route=%2Fwp%2Fv2%2Fcategories&post=65926"},{"taxonomy":"post_tag","embeddable":true,"href":"https:\/\/zonaroja.com.mx\/index.php?rest_route=%2Fwp%2Fv2%2Ftags&post=65926"}],"curies":[{"name":"wp","href":"https:\/\/api.w.org\/{rel}","templated":true}]}}