{"id":6593,"date":"2019-12-12T07:34:09","date_gmt":"2019-12-12T13:34:09","guid":{"rendered":"http:\/\/www.zonaroja.com.mx\/?p=6593"},"modified":"2019-12-12T07:34:12","modified_gmt":"2019-12-12T13:34:12","slug":"acuerdan-ieepo-y-magisterio-pago-de-bono-a-los-jubilados","status":"publish","type":"post","link":"https:\/\/zonaroja.com.mx\/?p=6593","title":{"rendered":"Acuerdan IEEPO y magisterio pago de bono a los jubilados"},"content":{"rendered":"\n<p>Redacci\u00f3n\/Zona Roja.<\/p>\n\n\n\n<p>Oaxaca de Ju\u00e1rez, Oax. 12 de diciembre\nde 2019.- En la permanente mesa de di\u00e1logo que mantienen, el IEEPO y la Secci\u00f3n\n22 del SNTE acordaron ayer el pago del bono de jubilados, que asciende a 38.6\nmillones de pesos.<\/p>\n\n\n\n<p>En un comunicado, el Instituto Estatal\nde Educaci\u00f3n P\u00fablica de Oaxaca (IEEPO) inform\u00f3 que en un clima de di\u00e1logo y\ncordialidad, el director general, Francisco \u00c1ngel Villarreal, se reuni\u00f3 con la\nrepresentaci\u00f3n de los jubilados y pensionados de la Secci\u00f3n 22 del Sindicato\nNacional de Trabajadores de la Educaci\u00f3n (SNTE), con la que se acord\u00f3 el pago\ndel bono anual por el D\u00eda del Jubilado 2019 a m\u00e1s de 19 mil docentes retirados.<\/p>\n\n\n\n<p>Indic\u00f3 que como muestra de la\nsolidaridad del gobernador Alejandro Murat Hinojosa hacia este sector y sin ser\nuna prestaci\u00f3n legal, se destinar\u00e1 una inversi\u00f3n de 38.6 millones de pesos para\natender esta petici\u00f3n de quienes han entregado su vida a la docencia en Oaxaca.<\/p>\n\n\n\n<p>En la mesa de atenci\u00f3n, estuvieron\npresentes el enlace de la Comisi\u00f3n Pol\u00edtica y secretario de Prensa y Propaganda\nde la Secci\u00f3n 22, Wilbert Santiago Valdivieso,&nbsp;\nas\u00ed como el secretario de Jubilados y Pensionados de la gremial, Jos\u00e9\nLuis Ord\u00f3\u00f1ez Rodr\u00edguez.<\/p>\n\n\n\n<p>\u201cEste bono anual, gracias al apoyo del mandatario\nestatal, ha tenido un incremento respecto al 2016 del 600%, considerando la actual\nautorizaci\u00f3n, lo que representa una inversi\u00f3n en la administraci\u00f3n del\ngobernador Alejandro Murat de m\u00e1s de 93 millones de pesos\u201d, expuso.<\/p>\n\n\n\n<p>En el encuentro, el director general del\nIEEPO refrend\u00f3 el compromiso del gobierno estatal y de la autoridad educativa en\nla entidad, para continuar con el di\u00e1logo permanente para construir acuerdos\nque se sustenten en la voluntad pol\u00edtica, pero sobre todo, con total apego a la\nnormatividad vigente, nada, ni nadie fuera de la ley.<\/p>\n","protected":false},"excerpt":{"rendered":"<p>Redacci\u00f3n\/Zona Roja. Oaxaca de Ju\u00e1rez, Oax. 12 de diciembre de 2019.- En la permanente mesa&hellip;<\/p>\n","protected":false},"author":2,"featured_media":6594,"comment_status":"closed","ping_status":"open","sticky":false,"template":"","format":"standard","meta":{"_lmt_disableupdate":"","_lmt_disable":"","_jetpack_memberships_contains_paid_content":false,"footnotes":""},"categories":[109,46],"tags":[652,599],"class_list":["post-6593","post","type-post","status-publish","format-standard","has-post-thumbnail","hentry","category-minuto-a-minuto","category-zona-blanca","tag-francisco-angel-villarreal","tag-instituto-estatal-de-educacion-publica-de-oaxaca"],"jetpack_featured_media_url":"https:\/\/zonaroja.com.mx\/wp-content\/uploads\/2019\/12\/IEEPO-1.jpeg","jetpack_sharing_enabled":true,"_links":{"self":[{"href":"https:\/\/zonaroja.com.mx\/index.php?rest_route=\/wp\/v2\/posts\/6593","targetHints":{"allow":["GET"]}}],"collection":[{"href":"https:\/\/zonaroja.com.mx\/index.php?rest_route=\/wp\/v2\/posts"}],"about":[{"href":"https:\/\/zonaroja.com.mx\/index.php?rest_route=\/wp\/v2\/types\/post"}],"author":[{"embeddable":true,"href":"https:\/\/zonaroja.com.mx\/index.php?rest_route=\/wp\/v2\/users\/2"}],"replies":[{"embeddable":true,"href":"https:\/\/zonaroja.com.mx\/index.php?rest_route=%2Fwp%2Fv2%2Fcomments&post=6593"}],"version-history":[{"count":1,"href":"https:\/\/zonaroja.com.mx\/index.php?rest_route=\/wp\/v2\/posts\/6593\/revisions"}],"predecessor-version":[{"id":6595,"href":"https:\/\/zonaroja.com.mx\/index.php?rest_route=\/wp\/v2\/posts\/6593\/revisions\/6595"}],"wp:featuredmedia":[{"embeddable":true,"href":"https:\/\/zonaroja.com.mx\/index.php?rest_route=\/wp\/v2\/media\/6594"}],"wp:attachment":[{"href":"https:\/\/zonaroja.com.mx\/index.php?rest_route=%2Fwp%2Fv2%2Fmedia&parent=6593"}],"wp:term":[{"taxonomy":"category","embeddable":true,"href":"https:\/\/zonaroja.com.mx\/index.php?rest_route=%2Fwp%2Fv2%2Fcategories&post=6593"},{"taxonomy":"post_tag","embeddable":true,"href":"https:\/\/zonaroja.com.mx\/index.php?rest_route=%2Fwp%2Fv2%2Ftags&post=6593"}],"curies":[{"name":"wp","href":"https:\/\/api.w.org\/{rel}","templated":true}]}}