{"id":65934,"date":"2024-03-04T19:17:10","date_gmt":"2024-03-05T01:17:10","guid":{"rendered":"http:\/\/www.zonaroja.com.mx\/?p=65934"},"modified":"2024-03-04T19:17:12","modified_gmt":"2024-03-05T01:17:12","slug":"quiavini-cronica-de-una-semana-de-infierno-politiqueria-y-muertos","status":"publish","type":"post","link":"https:\/\/zonaroja.com.mx\/?p=65934","title":{"rendered":"Quiavin\u00ed: cr\u00f3nica de una semana de infierno, politiquer\u00eda y muertos"},"content":{"rendered":"\n<p>Yuridiana Sosa\/Zona Roja.<\/p>\n\n\n\n<p>Oaxaca de Ju\u00e1rez, Oax., 4 de marzo de 2024.- Fue una semana completa de infierno. De acusaciones, de \u201cpolitiquer\u00edas\u201d, de bloqueos, de menosprecio de legisladores, de protestas\u2026 y de muertos.<\/p>\n\n\n\n<p>El incendio forestal que inici\u00f3 el lunes hace ocho d\u00edas en San Lucas Quiavin\u00ed y se extendi\u00f3 a al menos otros tres pueblos, devino en una tragedia y tambi\u00e9n en tardanza gubernamental. Y todav\u00eda esta noche, quedan rescoldos de la tragedia en los cerros.<\/p>\n\n\n\n<p>Las llamas que iniciaron desde el pasado 26 de febrero en el cerro \u201cQuianiv\u00ed\u201d de San Lucas Quiavin\u00ed logr\u00f3 afectaciones en las comunidades cercanas de San Pablo G\u00fcil\u00e1, San Dionisio Ocotepec y Santiago Matatl\u00e1n, del valle de Tlacolula.<\/p>\n\n\n\n<p>El problema alcanz\u00f3 la atenci\u00f3n nacional, y en su conferencia matutina de este lunes 4 de marzo el presidente de M\u00e9xico, Andr\u00e9s Manuel L\u00f3pez Obrador, inform\u00f3 que el combate contin\u00faa de manera coordinada entre las instituciones federales, estatales y la poblaci\u00f3n.<\/p>\n\n\n\n<p>Destac\u00f3, que de acuerdo al informe del gobierno del estado, se mantiene a este lunes el control al 95 por ciento y su liquidaci\u00f3n al 60 por ciento, con da\u00f1os en 709 hect\u00e1reas.<\/p>\n\n\n\n<p>Desde el inicio del incendio, fue tres d\u00edas despu\u00e9s, el 29 de febrero, cuando se realiz\u00f3 el sobrevuelo con helic\u00f3ptero del Gobierno del Estado y hasta el 2 de marzo la Secretar\u00eda de Marina brind\u00f3 el apoyo de una aeronave para reforzar acciones de combate.<\/p>\n\n\n\n<p>DETENCI\u00d3N<\/p>\n\n\n\n<p>Por los da\u00f1os, se reporta la detenci\u00f3n de una persona que ya fue puesta a disposici\u00f3n de las autoridades de la Fiscal\u00eda General de Oaxaca.<\/p>\n\n\n\n<p>El informe preliminar no detall\u00f3 sobre la persona detenida, sin embargo, en conferencia de prensa de este domingo se cambi\u00f3 la versi\u00f3n del origen.<\/p>\n\n\n\n<p>D\u00edas antes, el secretario de Gobierno, Jes\u00fas Romero, inform\u00f3 que presuntamente un hombre que padec\u00eda de sus facultades mentales pudo originar el fuego, pues de acuerdo con las autoridades municipales antes hab\u00eda incendiado otros pastizales.<\/p>\n\n\n\n<p>En conferencia, la Coesfo, report\u00f3 que se debi\u00f3 a actividades agropecuarias.<\/p>\n\n\n\n<figure class=\"wp-block-image size-large\"><a href=\"http:\/\/www.zonaroja.com.mx\/wp-content\/uploads\/2024\/03\/Retenidos-en-Guila-y-San-Dionisio-Ocotepec.jpg\" data-rel=\"penci-gallery-image-content\" ><img decoding=\"async\" width=\"1024\" height=\"806\" src=\"http:\/\/www.zonaroja.com.mx\/wp-content\/uploads\/2024\/03\/Retenidos-en-Guila-y-San-Dionisio-Ocotepec-1024x806.jpg\" alt=\"\" class=\"wp-image-65936\" srcset=\"https:\/\/zonaroja.com.mx\/wp-content\/uploads\/2024\/03\/Retenidos-en-Guila-y-San-Dionisio-Ocotepec-1024x806.jpg 1024w, https:\/\/zonaroja.com.mx\/wp-content\/uploads\/2024\/03\/Retenidos-en-Guila-y-San-Dionisio-Ocotepec-300x236.jpg 300w, https:\/\/zonaroja.com.mx\/wp-content\/uploads\/2024\/03\/Retenidos-en-Guila-y-San-Dionisio-Ocotepec-768x604.jpg 768w, https:\/\/zonaroja.com.mx\/wp-content\/uploads\/2024\/03\/Retenidos-en-Guila-y-San-Dionisio-Ocotepec-585x460.jpg 585w, https:\/\/zonaroja.com.mx\/wp-content\/uploads\/2024\/03\/Retenidos-en-Guila-y-San-Dionisio-Ocotepec.jpg 1079w\" sizes=\"(max-width: 1024px) 100vw, 1024px\" \/><\/a><\/figure>\n\n\n\n<p>LA INDIFERENCIA<\/p>\n\n\n\n<p>Mientras la poblaci\u00f3n lloraba a sus cinco pobladores, que fungieron como voluntarios para la lucha contra el fuego durante las primeras horas, los diputados representantes de las comunidades realizaron actividades proselitistas rumbo a las elecciones presidenciales de este a\u00f1o.<\/p>\n\n\n\n<p>La diputada de Morena, por el distrito de Tlacolula, Haydee Irma Reyes Soto, prefiri\u00f3 asistir a la ciudad de M\u00e9xico al inicio de la campa\u00f1a de Claudia Sheinbaum; mientras que hom\u00f3logo del Congreso de Oaxaca, No\u00e9 Doroteo Castillejos, de PT y el diputado federal de&nbsp;Morena, Azael&nbsp;Santiago&nbsp;Chepi, de ese mismo distrito, estuvieron ausentes.<\/p>\n\n\n\n<p>Ninguno de los representantes populares se han pronunciado sobre los lamentables hechos, o difundido la realizaci\u00f3n de acciones a favor de las poblaciones afectadas en diferentes \u00e1mbitos.<\/p>\n\n\n\n<p>Pero, a los ojos de las comunidades da\u00f1adas, la indiferencia tambi\u00e9n fue por parte del gobierno del estado y federal, pues pese a los esfuerzos de los pobladores ve\u00edan crecer el fuego al paso de casi cinco d\u00edas no hab\u00eda mayores acciones ni disponibilidad al ver que las autoridades para sofocarlo.<\/p>\n\n\n\n<p>Ayer domingo, combatientes y pobladores ofrecieron un minuto de silencio para las personas fallecidas en el incendio forestal en cerro \u201cQuiavin\u00ed\u201d.<\/p>\n\n\n\n<p>DESESPERACI\u00d3N<\/p>\n\n\n\n<p>Por ello, el pasado 1 de marzo los habitantes recurrieron a los bloqueos sobre la carretera federal 190, por la que se ubican las poblaciones, para exigir una mayor intervenci\u00f3n.&nbsp;<\/p>\n\n\n\n<p>Un d\u00eda despu\u00e9s, la Marina intervino con el apoyo a\u00e9reo.<\/p>\n\n\n\n<p>Incluso, tambi\u00e9n retuvieron al delegado de Paz, Donato Vargas y dos de sus colaboradores, por habitantes de San Dionisio Ocotepec y San Pablo G\u00fcila, quienes acudieron para negociar y desactivar el bloqueo en la zona. Sin que sufrieran da\u00f1os.<\/p>\n\n\n\n<p>En tanto que los presidentes municipales de Santiago Matatl\u00e1n, Rogelio Hern\u00e1ndez Sernas y de San Dionisio Ocotepec, Fortino Ruiz M\u00e9ndez se\u00f1alaron que sus pobladores hicieron lo necesario y expusieron sus vidas para combatir el incendio, incluso sin protecci\u00f3n.&nbsp;Por lo que demandan equipos de combate, capacitaci\u00f3n y reparaci\u00f3n del da\u00f1o en sus comunidades.<\/p>\n\n\n\n<p>Ante los hechos, el secretario Jes\u00fas Romero indic\u00f3 que como gobierno no existe molestia ni rencor ante la retenci\u00f3n de funcionarios, quienes asisten al lugar de los hechos para la soluci\u00f3n de los problemas.<\/p>\n\n\n\n<p>En el rejuego y las acusaciones, sali\u00f3 a relucir el nombre del presidente de la Villa de Mitla, Luis Armando Olivera, quien, otra vez, azuz\u00f3 a los pueblos, ahora para agitar movilizaciones, como lo hizo antes como el centro reciclado de basura.<\/p>\n\n\n\n<p>Al final, la noche del domingo, las autoridades de los pueblos afectados, hicieron un reconocimiento a los m\u00e1s de 400 combatientes, al tiempo de pedir indemnizaci\u00f3n para las familias de los muertos. Pero la tragedia de Quiavin\u00ed podr\u00eda repetirse, pues la sequ\u00eda y montes secos pueden derivar en m\u00e1s incendios forestales. <\/p>\n\n\n\n<p>Y en lucros pol\u00edticos, en el marco del proceso electoral 2024. <\/p>\n","protected":false},"excerpt":{"rendered":"<p>Yuridiana Sosa\/Zona Roja. Oaxaca de Ju\u00e1rez, Oax., 4 de marzo de 2024.- Fue una semana&hellip;<\/p>\n","protected":false},"author":2,"featured_media":65935,"comment_status":"closed","ping_status":"open","sticky":false,"template":"","format":"standard","meta":{"_lmt_disableupdate":"","_lmt_disable":"","_jetpack_memberships_contains_paid_content":false,"footnotes":""},"categories":[109,47],"tags":[1182],"class_list":["post-65934","post","type-post","status-publish","format-standard","has-post-thumbnail","hentry","category-minuto-a-minuto","category-zona-gris","tag-san-lucas-quiavini"],"jetpack_featured_media_url":"https:\/\/zonaroja.com.mx\/wp-content\/uploads\/2024\/03\/Cronica-Quiavini-incendio.jpg","jetpack_sharing_enabled":true,"_links":{"self":[{"href":"https:\/\/zonaroja.com.mx\/index.php?rest_route=\/wp\/v2\/posts\/65934","targetHints":{"allow":["GET"]}}],"collection":[{"href":"https:\/\/zonaroja.com.mx\/index.php?rest_route=\/wp\/v2\/posts"}],"about":[{"href":"https:\/\/zonaroja.com.mx\/index.php?rest_route=\/wp\/v2\/types\/post"}],"author":[{"embeddable":true,"href":"https:\/\/zonaroja.com.mx\/index.php?rest_route=\/wp\/v2\/users\/2"}],"replies":[{"embeddable":true,"href":"https:\/\/zonaroja.com.mx\/index.php?rest_route=%2Fwp%2Fv2%2Fcomments&post=65934"}],"version-history":[{"count":1,"href":"https:\/\/zonaroja.com.mx\/index.php?rest_route=\/wp\/v2\/posts\/65934\/revisions"}],"predecessor-version":[{"id":65937,"href":"https:\/\/zonaroja.com.mx\/index.php?rest_route=\/wp\/v2\/posts\/65934\/revisions\/65937"}],"wp:featuredmedia":[{"embeddable":true,"href":"https:\/\/zonaroja.com.mx\/index.php?rest_route=\/wp\/v2\/media\/65935"}],"wp:attachment":[{"href":"https:\/\/zonaroja.com.mx\/index.php?rest_route=%2Fwp%2Fv2%2Fmedia&parent=65934"}],"wp:term":[{"taxonomy":"category","embeddable":true,"href":"https:\/\/zonaroja.com.mx\/index.php?rest_route=%2Fwp%2Fv2%2Fcategories&post=65934"},{"taxonomy":"post_tag","embeddable":true,"href":"https:\/\/zonaroja.com.mx\/index.php?rest_route=%2Fwp%2Fv2%2Ftags&post=65934"}],"curies":[{"name":"wp","href":"https:\/\/api.w.org\/{rel}","templated":true}]}}