{"id":65938,"date":"2024-03-04T20:11:43","date_gmt":"2024-03-05T02:11:43","guid":{"rendered":"http:\/\/www.zonaroja.com.mx\/?p=65938"},"modified":"2024-03-04T20:11:46","modified_gmt":"2024-03-05T02:11:46","slug":"otro-caotico-lunes-en-la-capital-por-bloqueos-crece-irritacion-ciudadana","status":"publish","type":"post","link":"https:\/\/zonaroja.com.mx\/?p=65938","title":{"rendered":"Otro ca\u00f3tico lunes en la capital por bloqueos; crece irritaci\u00f3n ciudadana"},"content":{"rendered":"\n<p>Yuridiana Sosa\/Zona Roja.<\/p>\n\n\n\n<p>Oaxaca de Ju\u00e1rez, Oax., 4 de marzo de 2024.- Una vez m\u00e1s, los oaxaque\u00f1os iniciaron su semana laboral en medio de una serie de protestas, de sindicatos y organizaciones, para exigir al Eobierno del estado el cumplimiento de exigencias, lo que caus\u00f3 la irritaci\u00f3n ciudadana.<\/p>\n\n\n\n<p>Docentes del Instituto Tecnol\u00f3gico de Oaxaca (ITO), adheridos a la Secci\u00f3n 22 del SNTE, se manifestaron con un bloqueo y \u201ctoma\u201d del plantel en la capital del estado para demandar la destituci\u00f3n del director, Fernando Toledo Toledo.<\/p>\n\n\n\n<p>El cierre de vialidades en inmediaciones del tecnol\u00f3gico, entre ellas la carretera de la ribera del r\u00edo \u201cAtoyac\u201d, caus\u00f3 el enojo de las poblaci\u00f3n, pues ello no s\u00f3lo represent\u00f3 complicaciones del paso, sino afectaciones en sus labores y citas m\u00e9dicas.<\/p>\n\n\n\n<p>Varios ciudadanos fueron bajados de los camiones urbanos en los que se trasladaban. \u201cQue su organizador d\u00e9 la cara, el maldito. Si tiene dinero que pague el pasaje de todos\u2026el desgraciado que d\u00e9 la cara, el maldito\u201d, reclam\u00f3 una mujer que iba a su cita para una cirug\u00eda m\u00e9dica y ante el bloqueo tem\u00eda por perder la intervenci\u00f3n.<\/p>\n\n\n\n<p>JUBILADOS Y NORMALISTAS<\/p>\n\n\n\n<p>Por otra parte, jubilados, tambi\u00e9n de la Secci\u00f3n 22 del Sindicato Nacional de Trabajadores de la Educaci\u00f3n se manifestaron en el z\u00f3calo y acceso principal de Palacio de Gobierno.<\/p>\n\n\n\n<p>Mientras que estudiantes normalistas tambi\u00e9n se movilizaron para una reuni\u00f3n con las autoridades del estado, pero pese ello afectaron a la ciudadan\u00eda, pues \u201ctomaron\u201d camiones urbanos para trasladarse a San Felipe del Agua, en la zona norte de la capital; un estudiante cay\u00f3 de una unidad, sin consecuencias mayores.<\/p>\n\n\n\n<p>Adem\u00e1s de las molestias a la poblaci\u00f3n, la actividad de los normalistas caus\u00f3 expectativas respecto a intensificar movilizaciones por el acarreo de llantas viejas, que podr\u00edan quemar.<\/p>\n\n\n\n<p>Por otra parte, y casi de forma simult\u00e1nea, esta ma\u00f1ana la organizaci\u00f3n \u201cSol Rojo\u201d march\u00f3 del mercado zonal de Santa Rosa Panzacola al z\u00f3calo de la capital para exigir al gobierno del estado justicia y obras sociales.<\/p>\n\n\n\n<p>Entre sus peticiones se registr\u00f3 la presentaci\u00f3n con vida de su activista Ernesto Sernas, quien desapareci\u00f3 el 10 de mayo de 2018 en el municipio de San Agust\u00edn de las Juntas; justicia por el asesinato a Luis Armando Fuentes Aquino, as\u00ed como cese a los actos de hostigamiento y represi\u00f3n contra sus militantes.<\/p>\n","protected":false},"excerpt":{"rendered":"<p>Yuridiana Sosa\/Zona Roja. Oaxaca de Ju\u00e1rez, Oax., 4 de marzo de 2024.- Una vez m\u00e1s,&hellip;<\/p>\n","protected":false},"author":2,"featured_media":65939,"comment_status":"closed","ping_status":"open","sticky":false,"template":"","format":"standard","meta":{"_lmt_disableupdate":"","_lmt_disable":"","_jetpack_memberships_contains_paid_content":false,"footnotes":""},"categories":[109,47],"tags":[2264],"class_list":["post-65938","post","type-post","status-publish","format-standard","has-post-thumbnail","hentry","category-minuto-a-minuto","category-zona-gris","tag-bloqueos-y-protestas-oaxaca"],"jetpack_featured_media_url":"https:\/\/zonaroja.com.mx\/wp-content\/uploads\/2024\/03\/Marchas-protestas-Oaxaca-4-de-marzo.jpg","jetpack_sharing_enabled":true,"_links":{"self":[{"href":"https:\/\/zonaroja.com.mx\/index.php?rest_route=\/wp\/v2\/posts\/65938","targetHints":{"allow":["GET"]}}],"collection":[{"href":"https:\/\/zonaroja.com.mx\/index.php?rest_route=\/wp\/v2\/posts"}],"about":[{"href":"https:\/\/zonaroja.com.mx\/index.php?rest_route=\/wp\/v2\/types\/post"}],"author":[{"embeddable":true,"href":"https:\/\/zonaroja.com.mx\/index.php?rest_route=\/wp\/v2\/users\/2"}],"replies":[{"embeddable":true,"href":"https:\/\/zonaroja.com.mx\/index.php?rest_route=%2Fwp%2Fv2%2Fcomments&post=65938"}],"version-history":[{"count":1,"href":"https:\/\/zonaroja.com.mx\/index.php?rest_route=\/wp\/v2\/posts\/65938\/revisions"}],"predecessor-version":[{"id":65940,"href":"https:\/\/zonaroja.com.mx\/index.php?rest_route=\/wp\/v2\/posts\/65938\/revisions\/65940"}],"wp:featuredmedia":[{"embeddable":true,"href":"https:\/\/zonaroja.com.mx\/index.php?rest_route=\/wp\/v2\/media\/65939"}],"wp:attachment":[{"href":"https:\/\/zonaroja.com.mx\/index.php?rest_route=%2Fwp%2Fv2%2Fmedia&parent=65938"}],"wp:term":[{"taxonomy":"category","embeddable":true,"href":"https:\/\/zonaroja.com.mx\/index.php?rest_route=%2Fwp%2Fv2%2Fcategories&post=65938"},{"taxonomy":"post_tag","embeddable":true,"href":"https:\/\/zonaroja.com.mx\/index.php?rest_route=%2Fwp%2Fv2%2Ftags&post=65938"}],"curies":[{"name":"wp","href":"https:\/\/api.w.org\/{rel}","templated":true}]}}