{"id":65947,"date":"2024-03-05T06:33:19","date_gmt":"2024-03-05T12:33:19","guid":{"rendered":"http:\/\/www.zonaroja.com.mx\/?p=65947"},"modified":"2024-03-05T06:33:22","modified_gmt":"2024-03-05T12:33:22","slug":"matan-a-otro-politico-en-mexico-ahora-en-veracruz-y-es-del-pri","status":"publish","type":"post","link":"https:\/\/zonaroja.com.mx\/?p=65947","title":{"rendered":"Matan a otro pol\u00edtico en M\u00e9xico, ahora en Veracruz y es del PRI"},"content":{"rendered":"\n<p>Redacci\u00f3n\/Zona Roja Cdmx.<\/p>\n\n\n\n<p>Ciudad de M\u00e9xico, a 5 de marzo de 2024.- Policarpio Ram\u00edrez Coria, excandidato a presidente municipal de Paso de Ovejas, Veracruz, fue asesinado la tarde de este lunes en un restaurante de mariscos en la localidad de Cardel, tras ser atacado por sujetos armados que ingresaron al establecimiento y huyeron.<\/p>\n\n\n\n<p>La Fiscal\u00eda General del Estado de Veracruz confirm\u00f3 el hecho violento que ocurri\u00f3 en la calle Felipe \u00c1ngeles, sin n\u00famero, en la colonia Centro, de Ciudad Jos\u00e9 Cardel del municipio de La Antigua, por lo que inici\u00f3 con la carpeta de investigaci\u00f3n con el objetivo de dar con los responsables.<\/p>\n\n\n\n<p>\u201cEn el lugar, peritos y agentes ministeriales se encuentran llevando a cabo las diligencias correspondientes seg\u00fan lo establecido por la ley\u201d, detall\u00f3 la dependencia estatal.<\/p>\n\n\n\n<p>La Secretar\u00eda de Seguridad P\u00fablica de Veracruz implement\u00f3 el operativo C\u00f3digo Rojo y despleg\u00f3 elementos de la Polic\u00eda Estatal y Fuerza Civil en la zona para dar con los implicados.<\/p>\n\n\n\n<p>Los primeros reportes indican que el ataque en contra del excandidato, perteneciente al PRI, ocurri\u00f3 aproximadamente a las 16:30 horas cuando la v\u00edctima se encontraba a bordo de una camioneta en el estacionamiento del establecimiento junto a una mujer, quien present\u00f3 crisis nerviosa tras el ataque a balazos.<\/p>\n\n\n\n<p>\u201cSoy Poli Ramirez, nacido y criado en Mata Mateo, localidad del municipio de Paso de Ovejas, hijo de padres campesinos, como t\u00fa, vengo de la cultura del esfuerzo, hered\u00e9 de mi familia ser un hombre de trabajo dedicado al campo y a la ganader\u00eda\u201d, as\u00ed se describ\u00eda Ram\u00edrez Coria en redes sociales.<\/p>\n\n\n\n<p>Adem\u00e1s, el tambi\u00e9n empresario mostraba su apoyo en las pr\u00f3ximas elecciones al candidato del PAN en Veracruz, Pepe Yunes. En 2021, aspir\u00f3 a la alcald\u00eda de Paseo de Ovejas, dos a\u00f1os m\u00e1s tarde, en 2023, \u00abPoly\u00bb, como tambi\u00e9n se le conoc\u00eda en la regi\u00f3n, tom\u00f3 posesi\u00f3n como Secretario de Organizaci\u00f3n de la Coordinadora Nacional de Organizaciones Ca\u00f1eras abastecedora del Ingenio El Modelo.<\/p>\n\n\n\n<p>(Informaci\u00f3n de \u201cExpansi\u00f3n Pol\u00edtica\u201d)<\/p>\n","protected":false},"excerpt":{"rendered":"<p>Redacci\u00f3n\/Zona Roja Cdmx. Ciudad de M\u00e9xico, a 5 de marzo de 2024.- Policarpio Ram\u00edrez Coria,&hellip;<\/p>\n","protected":false},"author":2,"featured_media":65948,"comment_status":"closed","ping_status":"open","sticky":false,"template":"","format":"standard","meta":{"_lmt_disableupdate":"","_lmt_disable":"","_jetpack_memberships_contains_paid_content":false,"footnotes":""},"categories":[109,51],"tags":[],"class_list":["post-65947","post","type-post","status-publish","format-standard","has-post-thumbnail","hentry","category-minuto-a-minuto","category-zona-roja"],"jetpack_featured_media_url":"https:\/\/zonaroja.com.mx\/wp-content\/uploads\/2024\/03\/Policarpio-Ramirez-Coria-Veracruz.webp","jetpack_sharing_enabled":true,"_links":{"self":[{"href":"https:\/\/zonaroja.com.mx\/index.php?rest_route=\/wp\/v2\/posts\/65947","targetHints":{"allow":["GET"]}}],"collection":[{"href":"https:\/\/zonaroja.com.mx\/index.php?rest_route=\/wp\/v2\/posts"}],"about":[{"href":"https:\/\/zonaroja.com.mx\/index.php?rest_route=\/wp\/v2\/types\/post"}],"author":[{"embeddable":true,"href":"https:\/\/zonaroja.com.mx\/index.php?rest_route=\/wp\/v2\/users\/2"}],"replies":[{"embeddable":true,"href":"https:\/\/zonaroja.com.mx\/index.php?rest_route=%2Fwp%2Fv2%2Fcomments&post=65947"}],"version-history":[{"count":1,"href":"https:\/\/zonaroja.com.mx\/index.php?rest_route=\/wp\/v2\/posts\/65947\/revisions"}],"predecessor-version":[{"id":65949,"href":"https:\/\/zonaroja.com.mx\/index.php?rest_route=\/wp\/v2\/posts\/65947\/revisions\/65949"}],"wp:featuredmedia":[{"embeddable":true,"href":"https:\/\/zonaroja.com.mx\/index.php?rest_route=\/wp\/v2\/media\/65948"}],"wp:attachment":[{"href":"https:\/\/zonaroja.com.mx\/index.php?rest_route=%2Fwp%2Fv2%2Fmedia&parent=65947"}],"wp:term":[{"taxonomy":"category","embeddable":true,"href":"https:\/\/zonaroja.com.mx\/index.php?rest_route=%2Fwp%2Fv2%2Fcategories&post=65947"},{"taxonomy":"post_tag","embeddable":true,"href":"https:\/\/zonaroja.com.mx\/index.php?rest_route=%2Fwp%2Fv2%2Ftags&post=65947"}],"curies":[{"name":"wp","href":"https:\/\/api.w.org\/{rel}","templated":true}]}}