{"id":65950,"date":"2024-03-05T08:30:00","date_gmt":"2024-03-05T14:30:00","guid":{"rendered":"http:\/\/www.zonaroja.com.mx\/?p=65950"},"modified":"2024-03-05T06:52:56","modified_gmt":"2024-03-05T12:52:56","slug":"integrante-de-litigio-estrategico-recibe-el-premio-municipal-de-la-juventud-2024","status":"publish","type":"post","link":"https:\/\/zonaroja.com.mx\/?p=65950","title":{"rendered":"Integrante de Litigio Estrat\u00e9gico recibe el Premio Municipal de la Juventud 2024"},"content":{"rendered":"\n<p>Redacci\u00f3n\/Zona Roja.<\/p>\n\n\n\n<p>Oaxaca de Ju\u00e1rez, Oax., a 5 de marzo de 2024.- El municipio de Oaxaca de Ju\u00e1rez entreg\u00f3 a \u00c9dgar Aldair P\u00e9rez Ortiz, integrante de la asociaci\u00f3n civil Litigio Estrat\u00e9gico Ind\u00edgena, el Premio Municipal de la Juventud 2024, en la distinci\u00f3n de protecci\u00f3n al medio ambiente.<\/p>\n\n\n\n<p>Es integrante de Litigio Estrat\u00e9gico Ind\u00edgena A. C., una asociaci\u00f3n integrada por abogadas y abogados de diversas comunidades ind\u00edgenas del estado de Oaxaca, una asociaci\u00f3n que busca justiciabilizar los derechos humanos en todas sus manifestaciones.<\/p>\n\n\n\n<p>Litigio Estrat\u00e9gico ha obtenido sentencias hist\u00f3ricas como la primera sentencia de amparo en M\u00e9xico que ordena el saneamiento de dos r\u00edos, el \u201cSalado\u201d y \u201cAtoyac\u201d que circundan la ciudad de Oaxaca de Ju\u00e1rez. O la sentencia que oblig\u00f3 al Congreso del Estado de Oaxaca a crear la Ley de Consulta Previa, Libre e Informada de los Pueblos y Comunidades Ind\u00edgenas y Afromexicanos para el Estado de Oaxaca.<\/p>\n\n\n\n<p>En la entrega del premio estuvieron presentes el presidente municipal de Oaxaca de Ju\u00e1rez, la directora del Instituto Municipal de la Juventud, entre otras autoridades, quienes expresaron su mayor reconocimiento a las juventudes, dese\u00e1ndoles \u00e9xitos y en un futuro colaborar con sus proyectos.<\/p>\n\n\n\n<p>En entrevista, Edgar Aldair manifest\u00f3 que el premio que hoy recibe es el reflejo de que cada uno de los j\u00f3venes tiene el poder de marcar la diferencia y de contribuir al progreso de nuestra sociedad.<\/p>\n\n\n\n<p>Asimismo, expres\u00f3 que como joven tiene el compromiso de proteger el medio ambiente, ya que tenemos que dejar un futuro mejor para las generaciones venideras, e invit\u00f3 a los j\u00f3venes a ser agentes generadores del cambio.<\/p>\n\n\n\n<p>El premio municipal de la juventud tiene como finalidad incentivar a las y los j\u00f3venes en la realizaci\u00f3n de acciones o proyectos y que a trav\u00e9s de ellos se genere un beneficio para toda la sociedad.<\/p>\n","protected":false},"excerpt":{"rendered":"<p>Redacci\u00f3n\/Zona Roja. Oaxaca de Ju\u00e1rez, Oax., a 5 de marzo de 2024.- El municipio de&hellip;<\/p>\n","protected":false},"author":2,"featured_media":65951,"comment_status":"closed","ping_status":"open","sticky":false,"template":"","format":"standard","meta":{"_lmt_disableupdate":"","_lmt_disable":"","_jetpack_memberships_contains_paid_content":false,"footnotes":""},"categories":[109,46],"tags":[3862],"class_list":["post-65950","post","type-post","status-publish","format-standard","has-post-thumbnail","hentry","category-minuto-a-minuto","category-zona-blanca","tag-edgar-aldair-perez-ortiz-2"],"jetpack_featured_media_url":"https:\/\/zonaroja.com.mx\/wp-content\/uploads\/2024\/03\/Edgar-Aldair-Perez-Ortiz.jpg","jetpack_sharing_enabled":true,"_links":{"self":[{"href":"https:\/\/zonaroja.com.mx\/index.php?rest_route=\/wp\/v2\/posts\/65950","targetHints":{"allow":["GET"]}}],"collection":[{"href":"https:\/\/zonaroja.com.mx\/index.php?rest_route=\/wp\/v2\/posts"}],"about":[{"href":"https:\/\/zonaroja.com.mx\/index.php?rest_route=\/wp\/v2\/types\/post"}],"author":[{"embeddable":true,"href":"https:\/\/zonaroja.com.mx\/index.php?rest_route=\/wp\/v2\/users\/2"}],"replies":[{"embeddable":true,"href":"https:\/\/zonaroja.com.mx\/index.php?rest_route=%2Fwp%2Fv2%2Fcomments&post=65950"}],"version-history":[{"count":1,"href":"https:\/\/zonaroja.com.mx\/index.php?rest_route=\/wp\/v2\/posts\/65950\/revisions"}],"predecessor-version":[{"id":65952,"href":"https:\/\/zonaroja.com.mx\/index.php?rest_route=\/wp\/v2\/posts\/65950\/revisions\/65952"}],"wp:featuredmedia":[{"embeddable":true,"href":"https:\/\/zonaroja.com.mx\/index.php?rest_route=\/wp\/v2\/media\/65951"}],"wp:attachment":[{"href":"https:\/\/zonaroja.com.mx\/index.php?rest_route=%2Fwp%2Fv2%2Fmedia&parent=65950"}],"wp:term":[{"taxonomy":"category","embeddable":true,"href":"https:\/\/zonaroja.com.mx\/index.php?rest_route=%2Fwp%2Fv2%2Fcategories&post=65950"},{"taxonomy":"post_tag","embeddable":true,"href":"https:\/\/zonaroja.com.mx\/index.php?rest_route=%2Fwp%2Fv2%2Ftags&post=65950"}],"curies":[{"name":"wp","href":"https:\/\/api.w.org\/{rel}","templated":true}]}}