{"id":65953,"date":"2024-03-05T09:30:00","date_gmt":"2024-03-05T15:30:00","guid":{"rendered":"http:\/\/www.zonaroja.com.mx\/?p=65953"},"modified":"2024-03-05T07:16:59","modified_gmt":"2024-03-05T13:16:59","slug":"lio-sindical-en-coesida-capacits-atenta-contra-vida-de-pacientes-denuncian-asociaciones","status":"publish","type":"post","link":"https:\/\/zonaroja.com.mx\/?p=65953","title":{"rendered":"L\u00edo sindical en Coesida-Capacits atenta contra vida de pacientes, denuncian asociaciones"},"content":{"rendered":"\n<p>Yuridiana Sosa\/Zona Roja.<\/p>\n\n\n\n<p>Oaxaca de Ju\u00e1rez, Oax., a 5 de marzo de 2024.- Organizaciones civiles en defensa de los derechos de la comunidad LGBTTIQ+ denunciaron que el conflicto sindical contra la direcci\u00f3n del Coesida-Capasits atenta contra el derecho a la salud y la vida de cientos de pacientes que recurren a esta unidad \u00fanica en el estado para recibir sus tratamientos.<\/p>\n\n\n\n<p>M\u00e1s de una veintena de representantes agrupaciones LGBTTIQ+ se han pronunciado contra el paro de labores de los bur\u00f3cratas, ante el cual decenas de pacientes de VIH-Sida se quedaron sin sus tratamientos o estudios de laboratorios, suceso que no hab\u00eda ocurrido en 30 a\u00f1os de vida de la instituci\u00f3n.<\/p>\n\n\n\n<p>Activistas como Melissa Boijseauneau, de \u201cConquistando Corazones\u201d y ex trabajadora de la instituci\u00f3n, se\u00f1alaron que en diversas ocasiones los pacientes apenas logran juntar lo de su transporte para recibir el tratamiento contra su padecimiento, por lo que es una injusticia que no los puedan recibir.<\/p>\n\n\n\n<p>Los retrovirales, indicaron, son vitales para mantener su salud en mejores condiciones, mismos que se proporcionan de forma gratuita.<\/p>\n\n\n\n<p>Los representantes de las organizaciones, a petici\u00f3n de los afectados, acudieron a las instalaciones del Consejo Estatal para la Prevenci\u00f3n y Control del Sida (Coesida)- Centro Ambulatorio para la Prevenci\u00f3n y Atenci\u00f3n en SIDA e Infecciones de Transmisi\u00f3n Sexual (Capasits), en San Bartolo Coyotepec, para demandar la atenci\u00f3n de los pacientes.<\/p>\n\n\n\n<p>Grupos como \u201cTransverso\u201d, \u201cAmemos Vihvir\u201d, \u201cVihsibles Oaxaca\u201d, entre otros, manifestaron que el derecho a su protesta no puede estar por encima del derecho a la vida y a la salud de miles de personas que son atendidas en este espacio.<\/p>\n\n\n\n<p>&nbsp;Las organizaciones demandan al gobierno del estado que se garantice el servicio de salud en esta instituci\u00f3n, misma que el 1 de marzo celebr\u00f3 tres d\u00e9cadas.<\/p>\n\n\n\n<p>CONFLICTO<\/p>\n\n\n\n<p>Los trabajadores de base del gobierno del estado demandan la destituci\u00f3n de Mar\u00eda del Pilar Nava Ram\u00edrez, a quien se\u00f1alan de cometer diversas irregularidades desde su llegada en agosto pasado.<\/p>\n\n\n\n<p>Acoso laboral, nepotismo y cobro de dos salarios, son algunas de las acusaciones en contra de la funcionaria.<\/p>\n\n\n\n<p>En tanto, existe la versi\u00f3n de que los trabajadores se inconformaron contra la directora por aplicar lineamientos que afectan a los faltistas.<\/p>\n","protected":false},"excerpt":{"rendered":"<p>Yuridiana Sosa\/Zona Roja. Oaxaca de Ju\u00e1rez, Oax., a 5 de marzo de 2024.- Organizaciones civiles&hellip;<\/p>\n","protected":false},"author":2,"featured_media":65954,"comment_status":"closed","ping_status":"open","sticky":false,"template":"","format":"standard","meta":{"_lmt_disableupdate":"","_lmt_disable":"","_jetpack_memberships_contains_paid_content":false,"footnotes":""},"categories":[109,47],"tags":[],"class_list":["post-65953","post","type-post","status-publish","format-standard","has-post-thumbnail","hentry","category-minuto-a-minuto","category-zona-gris"],"jetpack_featured_media_url":"https:\/\/zonaroja.com.mx\/wp-content\/uploads\/2024\/03\/Coesida-Capasits-Oaxaca.jpg","jetpack_sharing_enabled":true,"_links":{"self":[{"href":"https:\/\/zonaroja.com.mx\/index.php?rest_route=\/wp\/v2\/posts\/65953","targetHints":{"allow":["GET"]}}],"collection":[{"href":"https:\/\/zonaroja.com.mx\/index.php?rest_route=\/wp\/v2\/posts"}],"about":[{"href":"https:\/\/zonaroja.com.mx\/index.php?rest_route=\/wp\/v2\/types\/post"}],"author":[{"embeddable":true,"href":"https:\/\/zonaroja.com.mx\/index.php?rest_route=\/wp\/v2\/users\/2"}],"replies":[{"embeddable":true,"href":"https:\/\/zonaroja.com.mx\/index.php?rest_route=%2Fwp%2Fv2%2Fcomments&post=65953"}],"version-history":[{"count":1,"href":"https:\/\/zonaroja.com.mx\/index.php?rest_route=\/wp\/v2\/posts\/65953\/revisions"}],"predecessor-version":[{"id":65955,"href":"https:\/\/zonaroja.com.mx\/index.php?rest_route=\/wp\/v2\/posts\/65953\/revisions\/65955"}],"wp:featuredmedia":[{"embeddable":true,"href":"https:\/\/zonaroja.com.mx\/index.php?rest_route=\/wp\/v2\/media\/65954"}],"wp:attachment":[{"href":"https:\/\/zonaroja.com.mx\/index.php?rest_route=%2Fwp%2Fv2%2Fmedia&parent=65953"}],"wp:term":[{"taxonomy":"category","embeddable":true,"href":"https:\/\/zonaroja.com.mx\/index.php?rest_route=%2Fwp%2Fv2%2Fcategories&post=65953"},{"taxonomy":"post_tag","embeddable":true,"href":"https:\/\/zonaroja.com.mx\/index.php?rest_route=%2Fwp%2Fv2%2Ftags&post=65953"}],"curies":[{"name":"wp","href":"https:\/\/api.w.org\/{rel}","templated":true}]}}