{"id":65956,"date":"2024-03-05T10:17:00","date_gmt":"2024-03-05T16:17:00","guid":{"rendered":"http:\/\/www.zonaroja.com.mx\/?p=65956"},"modified":"2024-03-05T07:21:40","modified_gmt":"2024-03-05T13:21:40","slug":"hallan-seis-de-siete-cuerpos-de-miembros-de-la-guardia-nacional-en-bc-detienen-a-mando","status":"publish","type":"post","link":"https:\/\/zonaroja.com.mx\/?p=65956","title":{"rendered":"Hallan seis de siete cuerpos de miembros de la Guardia Nacional en BC; detienen a mando"},"content":{"rendered":"\n<p>Redacci\u00f3n\/Zona Roja Cdmx.<\/p>\n\n\n\n<p>Ciudad de M\u00e9xico, a 5 de marzo de 2024.- Un mando de la Guardia Nacional destacado en Baja California fue detenido ayer, tras un incidente que dej\u00f3 seis elementos ahogados y desaparecidos en Ensenada.<\/p>\n\n\n\n<p>Lo anterior lo confirm\u00f3 el Presidente Andr\u00e9s Manuel L\u00f3pez Obrador, durante su conferencia matutina de ayer lunes.<\/p>\n\n\n\n<p>\u201cSe est\u00e1 haciendo toda la investigaci\u00f3n correspondiente, se est\u00e1 atendiendo a los familiares, lo sentimos much\u00edsimo, hemos estado pendientes\u201d, dijo y mencion\u00f3 que se est\u00e1 investigando si el encargado no sigui\u00f3 el protocolo establecido.<\/p>\n\n\n\n<p>\u201cEs lo que est\u00e1n investigando, hay todo un equipo en la Secretar\u00eda de la Defensa para este prop\u00f3sito, se est\u00e1 revisando todo, porque incluso se les encontr\u00f3 con todo su equipo de protecci\u00f3n y con las botas, eso es muy pesado, se tiene que dar una explicaci\u00f3n\u201d, detall\u00f3.<\/p>\n\n\n\n<p>El detenido fue identificado de manera extraoficial como David L\u00f3pez Hern\u00e1ndez, responsable del adiestramiento y que orden\u00f3 el ingreso de elementos de la Guardia Nacional al mar, pese al peligro de olas de cuatro metros.<\/p>\n\n\n\n<p>HALLAN CUERPOS<\/p>\n\n\n\n<p>Los cuerpos de seis de los siete militares miembros de la Guardia Nacional desaparecidos en el mar de Ensenada, Baja California, el pasado 20 de febrero han sido recuperados; este fin de semana fue rescatado el sexto cad\u00e1ver. La Secretar\u00eda de Marina, el Ej\u00e9rcito y distintas corporaciones contin\u00faan la b\u00fasqueda.<\/p>\n\n\n\n<p>Los restos del uniformado, a\u00fan sin identificar, fueron hallados el s\u00e1bado cerca de la playa Conalep del municipio de Ensenada. Ese mismo d\u00eda, en las instalaciones de la guarnici\u00f3n militar de El Cipr\u00e9s se llev\u00f3 a cabo la ceremonia de graduaci\u00f3n del primer escal\u00f3n 2024 de la generaci\u00f3n a la cual pertenec\u00edan los siete uniformados que desaparecieron en una pr\u00e1ctica, tras ser arrastrados mar adentro. Los elementos ten\u00edan entre 18 y 21 a\u00f1os.<\/p>\n\n\n\n<p>Familiares de las v\u00edctimas compartieron en redes sociales su inconformidad por realizar la ceremonia de graduaci\u00f3n, pues los siete elementos debieron estar presentes. Reprocharon que \u201csi todav\u00eda est\u00e1 pendiente de identificar dos cuerpos y encontrar un tercero, era demasiado pronto para una ceremonia de graduaci\u00f3n\u201d.<\/p>\n\n\n\n<p>Agregaron que todos los soldados eran j\u00f3venes y ten\u00edan sus historias, sue\u00f1os y planes, que han sido divulgados en Facebook por sus amigos y parientes, por lo que exigen justicia.<\/p>\n\n\n\n<p>Los cuerpos rescatados corresponden a Carlos Omar Fr\u00edas Lanfard, Arturo Esteban Sarmiento, Brando Francisco Gastelum, Luis Manuel Vilchis D\u00edaz y Fernando Isa\u00edas P\u00e9rez L\u00f3pez. Est\u00e1n pendientes de localizar o identificar \u00d3scar Abraham S\u00e1nchez Reyna y Michael Arellano Wilkinson.<\/p>\n\n\n\n<p>(Con informaci\u00f3n de \u201cLa Jornada\u201d)<\/p>\n","protected":false},"excerpt":{"rendered":"<p>Redacci\u00f3n\/Zona Roja Cdmx. Ciudad de M\u00e9xico, a 5 de marzo de 2024.- Un mando de&hellip;<\/p>\n","protected":false},"author":2,"featured_media":65586,"comment_status":"closed","ping_status":"open","sticky":false,"template":"","format":"standard","meta":{"_lmt_disableupdate":"","_lmt_disable":"","_jetpack_memberships_contains_paid_content":false,"footnotes":""},"categories":[109,47],"tags":[278],"class_list":["post-65956","post","type-post","status-publish","format-standard","has-post-thumbnail","hentry","category-minuto-a-minuto","category-zona-gris","tag-guardia-nacional"],"jetpack_featured_media_url":"https:\/\/zonaroja.com.mx\/wp-content\/uploads\/2024\/02\/Guardia-Nacional-desaparecidos-Ensenada.webp","jetpack_sharing_enabled":true,"_links":{"self":[{"href":"https:\/\/zonaroja.com.mx\/index.php?rest_route=\/wp\/v2\/posts\/65956","targetHints":{"allow":["GET"]}}],"collection":[{"href":"https:\/\/zonaroja.com.mx\/index.php?rest_route=\/wp\/v2\/posts"}],"about":[{"href":"https:\/\/zonaroja.com.mx\/index.php?rest_route=\/wp\/v2\/types\/post"}],"author":[{"embeddable":true,"href":"https:\/\/zonaroja.com.mx\/index.php?rest_route=\/wp\/v2\/users\/2"}],"replies":[{"embeddable":true,"href":"https:\/\/zonaroja.com.mx\/index.php?rest_route=%2Fwp%2Fv2%2Fcomments&post=65956"}],"version-history":[{"count":1,"href":"https:\/\/zonaroja.com.mx\/index.php?rest_route=\/wp\/v2\/posts\/65956\/revisions"}],"predecessor-version":[{"id":65957,"href":"https:\/\/zonaroja.com.mx\/index.php?rest_route=\/wp\/v2\/posts\/65956\/revisions\/65957"}],"wp:featuredmedia":[{"embeddable":true,"href":"https:\/\/zonaroja.com.mx\/index.php?rest_route=\/wp\/v2\/media\/65586"}],"wp:attachment":[{"href":"https:\/\/zonaroja.com.mx\/index.php?rest_route=%2Fwp%2Fv2%2Fmedia&parent=65956"}],"wp:term":[{"taxonomy":"category","embeddable":true,"href":"https:\/\/zonaroja.com.mx\/index.php?rest_route=%2Fwp%2Fv2%2Fcategories&post=65956"},{"taxonomy":"post_tag","embeddable":true,"href":"https:\/\/zonaroja.com.mx\/index.php?rest_route=%2Fwp%2Fv2%2Ftags&post=65956"}],"curies":[{"name":"wp","href":"https:\/\/api.w.org\/{rel}","templated":true}]}}