{"id":65958,"date":"2024-03-05T00:30:00","date_gmt":"2024-03-05T06:30:00","guid":{"rendered":"http:\/\/www.zonaroja.com.mx\/?p=65958"},"modified":"2024-03-05T07:48:21","modified_gmt":"2024-03-05T13:48:21","slug":"bloquea-temporalmente-la-corte-suprema-de-eu-ley-antimigrantes-en-texas","status":"publish","type":"post","link":"https:\/\/zonaroja.com.mx\/?p=65958","title":{"rendered":"Bloquea temporalmente la Corte Suprema de EU ley antimigrantes en Texas"},"content":{"rendered":"\n<p>Redacci\u00f3n\/Zona Roja Cdmx.<\/p>\n\n\n\n<p>Ciudad de M\u00e9xico, a 5 de marzo de 2024.- La Corte Suprema ha bloqueado temporalmente la entrada en vigor de una pol\u00e9mica ley de Texas que permite a las autoridades policiales detener y expulsar a migrantes de los cuales sospechen que ingresaron de forma ilegal a Estados Unidos, y que deb\u00eda entrar en vigencia el pr\u00f3ximo domingo.<\/p>\n\n\n\n<p>La orden emitida por el juez conservador Samuel Alito se da en respuesta a una solicitud de emergencia presentada por el Gobierno del presidente Joe Biden.<\/p>\n\n\n\n<p>La ley, aprobada el a\u00f1o pasado por la Legislatura de Texas, es una de las medidas antimigrantes m\u00e1s dr\u00e1sticas en la historia estadounidense.<\/p>\n\n\n\n<p>La semana pasada un magistrado federal de Texas ya hab\u00eda aplazado la entrada en vigor de la medida tras una demanda de varias organizaciones y el condado de El Paso (Texas), que alegan que la ley es inconstitucional porque las autoridades locales no tienen jurisdicci\u00f3n para tomar medidas en materia migratoria propias del gobierno federal.<\/p>\n\n\n\n<p>Pero el Tribunal de Apelaciones del Quinto Circuito ech\u00f3 abajo la decisi\u00f3n del magistrado llevando la batalla legal hasta la \u00faltima instancia.<\/p>\n\n\n\n<p>Alito ha dado hasta el 13 de marzo a los jueces del Supremo para determinar los pasos a seguir en esta nueva pelea legal entre Texas y el Gobierno Biden.<\/p>\n\n\n\n<p>La ley (SB 88-4) convierte en delito menor el que un extranjero \u201cingrese o intente ingresar al estado desde una naci\u00f3n extranjera\u201d de forma irregular. La falta se convierte en un crimen grave, punible hasta con 20 a\u00f1os de prisi\u00f3n, si el infractor es reincidente.<\/p>\n\n\n\n<p>La iniciativa tambi\u00e9n permite a la Justicia estatal ordenar la expulsi\u00f3n de personas sin mediar proceso legal. Asimismo, los oficiales de polic\u00eda podr\u00e1n arrestar a cualquier individuo del que sospechen que ingres\u00f3 ilegalmente al pa\u00eds, y tendr\u00e1n la facultad discrecional de expulsarlo a M\u00e9xico en vez de arrestarlo.<\/p>\n\n\n\n<p>En la presentaci\u00f3n de emergencia del lunes, la fiscal de Estados Unidos Elizabeth Prelogar argument\u00f3 que la SB 88-4 de es \u201crotundamente inconsistente\u201d con el precedente de los fallos del m\u00e1ximo tribunal.<\/p>\n\n\n\n<p>\u201cEsas decisiones reconocen que la autoridad de admitir y remover a personas que no son ciudadanas es una responsabilidad esencial del Gobierno nacional\u201d, escribi\u00f3 Prelogar en los documentos judiciales citados por NBC.<\/p>\n\n\n\n<p>El fiscal general de Texas, el republicano Ken Paxton, lament\u00f3 en un mensaje en X el bloqueo temporal pero advirti\u00f3 que seguir\u00e1 defendiendo la ley.<\/p>\n\n\n\n<p>Por su parte los demandantes encabezados por la Uni\u00f3n Estadounidense de Libertades Civiles (ACLU) de Texas dijeron en un comunicado que la ley \u201cconducir\u00e1 a la discriminaci\u00f3n racial\u201d en todo el estado, en especial contra los hispanos.<\/p>\n\n\n\n<p>\u201cInstamos a la Corte Suprema a revocar la suspensi\u00f3n administrativa del tribunal de apelaciones y preservar la decisi\u00f3n que impide que esta ley da\u00f1ina entre en vigor\u201d, agregaron las organizaciones y los defensores de los inmigrantes.<\/p>\n\n\n\n<p>(Con informaci\u00f3n de EFE)<\/p>\n","protected":false},"excerpt":{"rendered":"<p>Redacci\u00f3n\/Zona Roja Cdmx. Ciudad de M\u00e9xico, a 5 de marzo de 2024.- La Corte Suprema&hellip;<\/p>\n","protected":false},"author":2,"featured_media":55140,"comment_status":"closed","ping_status":"open","sticky":false,"template":"","format":"standard","meta":{"_lmt_disableupdate":"","_lmt_disable":"","_jetpack_memberships_contains_paid_content":false,"footnotes":""},"categories":[109,47],"tags":[3173],"class_list":["post-65958","post","type-post","status-publish","format-standard","has-post-thumbnail","hentry","category-minuto-a-minuto","category-zona-gris","tag-migrantes-texas-estados-unidos"],"jetpack_featured_media_url":"https:\/\/zonaroja.com.mx\/wp-content\/uploads\/2023\/05\/Migrantes-Guardia-Nacional-frontera-sur.jpeg","jetpack_sharing_enabled":true,"_links":{"self":[{"href":"https:\/\/zonaroja.com.mx\/index.php?rest_route=\/wp\/v2\/posts\/65958","targetHints":{"allow":["GET"]}}],"collection":[{"href":"https:\/\/zonaroja.com.mx\/index.php?rest_route=\/wp\/v2\/posts"}],"about":[{"href":"https:\/\/zonaroja.com.mx\/index.php?rest_route=\/wp\/v2\/types\/post"}],"author":[{"embeddable":true,"href":"https:\/\/zonaroja.com.mx\/index.php?rest_route=\/wp\/v2\/users\/2"}],"replies":[{"embeddable":true,"href":"https:\/\/zonaroja.com.mx\/index.php?rest_route=%2Fwp%2Fv2%2Fcomments&post=65958"}],"version-history":[{"count":1,"href":"https:\/\/zonaroja.com.mx\/index.php?rest_route=\/wp\/v2\/posts\/65958\/revisions"}],"predecessor-version":[{"id":65959,"href":"https:\/\/zonaroja.com.mx\/index.php?rest_route=\/wp\/v2\/posts\/65958\/revisions\/65959"}],"wp:featuredmedia":[{"embeddable":true,"href":"https:\/\/zonaroja.com.mx\/index.php?rest_route=\/wp\/v2\/media\/55140"}],"wp:attachment":[{"href":"https:\/\/zonaroja.com.mx\/index.php?rest_route=%2Fwp%2Fv2%2Fmedia&parent=65958"}],"wp:term":[{"taxonomy":"category","embeddable":true,"href":"https:\/\/zonaroja.com.mx\/index.php?rest_route=%2Fwp%2Fv2%2Fcategories&post=65958"},{"taxonomy":"post_tag","embeddable":true,"href":"https:\/\/zonaroja.com.mx\/index.php?rest_route=%2Fwp%2Fv2%2Ftags&post=65958"}],"curies":[{"name":"wp","href":"https:\/\/api.w.org\/{rel}","templated":true}]}}