{"id":65966,"date":"2024-03-05T12:41:05","date_gmt":"2024-03-05T18:41:05","guid":{"rendered":"http:\/\/www.zonaroja.com.mx\/?p=65966"},"modified":"2024-03-05T12:41:06","modified_gmt":"2024-03-05T18:41:06","slug":"vinculan-de-nuevo-a-proceso-a-diputado-priista-gustavo-d-s-es-cobijado-por-el-pt","status":"publish","type":"post","link":"https:\/\/zonaroja.com.mx\/?p=65966","title":{"rendered":"Vinculan de nuevo a proceso a diputado priista Gustavo D. S.; es cobijado por el PT"},"content":{"rendered":"\n<p>Ismael Garc\u00eda M.\/Zona Roja.&nbsp;<\/p>\n\n\n\n<p>Oaxaca de Ju\u00e1rez, Oax., a 5 de marzo de 2024.- Gustavo D. A., diputado por el PRI \u2014y ahora cobijado por el Partido del Trabajo\u2014 fue vinculado de nuevo a un proceso judicial, por el delito de homicidio.&nbsp;<\/p>\n\n\n\n<p>La audiencia se llev\u00f3 a cabo anoche en el Juzgado de Control del circuito judicial de Valles Centrales, con sede en San Francisco Tanivet, Tlacolula, Oaxaca.&nbsp;<\/p>\n\n\n\n<p>Horas antes, afuera de ese reclusorio, familiares del legislador, quien no pudo asumir el cargo pues la v\u00edspera fue detenido por otros delitos, protestaron para denunciar supuesta fabricaci\u00f3n de delitos.&nbsp;<\/p>\n\n\n\n<p>Fueron arropados por el integrante del Partido del Trabajo, Lenin L\u00f3pez Nelio, con quien han hecho alianza electoral para impulsar pol\u00edticamente a la se\u00f1ora Aracely L\u00f3pez Madrigal, quien estuvo en la movilizaci\u00f3n.&nbsp;<\/p>\n\n\n\n<p>No obstante, el juez consider\u00f3 suficiente y probatoria las pruebas que present\u00f3 la Fiscal\u00eda General del Estado de Oaxaca, para ordenar la vinculaci\u00f3n a proceso.&nbsp;<\/p>\n\n\n\n<p>Por lo cual Gustavo D. S., alias \u201cEl Gato\u201c, seguir\u00e1 en prisi\u00f3n y bajo proceso por el homicidio de una mujer ocurrido en la comunidad del Refugio perteneciente a San Jos\u00e9 Cosolapa, en la Cuenca.<\/p>\n\n\n\n<p>La v\u00edctima es identificada como Gloria G., a quien el legislador habr\u00eda privado de la vida con disparos de arma de fuego.&nbsp;<\/p>\n\n\n\n<p>Gustavo D.S., fue liberado el domingo 27 de febrero de otro proceso, pero al salir del penal se le ejecut\u00f3 el mandato judicial por el crimen de la se\u00f1ora, Gloria G., ocurrido el 11 de octubre del 2021.<\/p>\n\n\n\n<p>Como se ha informado, fue detenido el 4 de noviembre del 2021 por elementos de la polic\u00eda municipal del Fort\u00edn, Veracruz, cuando acudi\u00f3 a solicitar la liberaci\u00f3n de su hijo, Jos\u00e9 Alberto \u201cN\u201d y su c\u00f3mplice Oliver \u201cN\u201d, detenidos por asalto a transportistas homicidios, secuestros, extorsi\u00f3n, cobro de piso y narcomenudeo.<\/p>\n\n\n\n<p>Al \u201cGato\u201d se le acusaba del homicidio de dos personas, un hombre y una mujer, el 11 de julio de 2021.&nbsp;<\/p>\n\n\n\n<p><\/p>\n","protected":false},"excerpt":{"rendered":"<p>Ismael Garc\u00eda M.\/Zona Roja.&nbsp; Oaxaca de Ju\u00e1rez, Oax., a 5 de marzo de 2024.- Gustavo&hellip;<\/p>\n","protected":false},"author":2,"featured_media":65965,"comment_status":"closed","ping_status":"open","sticky":false,"template":"","format":"standard","meta":{"_lmt_disableupdate":"","_lmt_disable":"","_jetpack_memberships_contains_paid_content":false,"footnotes":""},"categories":[109,51],"tags":[],"class_list":["post-65966","post","type-post","status-publish","format-standard","has-post-thumbnail","hentry","category-minuto-a-minuto","category-zona-roja"],"jetpack_featured_media_url":"https:\/\/zonaroja.com.mx\/wp-content\/uploads\/2024\/03\/0a0f72a3-e63f-4741-b0dc-2ff6f3fa9e11-1.jpg","jetpack_sharing_enabled":true,"_links":{"self":[{"href":"https:\/\/zonaroja.com.mx\/index.php?rest_route=\/wp\/v2\/posts\/65966","targetHints":{"allow":["GET"]}}],"collection":[{"href":"https:\/\/zonaroja.com.mx\/index.php?rest_route=\/wp\/v2\/posts"}],"about":[{"href":"https:\/\/zonaroja.com.mx\/index.php?rest_route=\/wp\/v2\/types\/post"}],"author":[{"embeddable":true,"href":"https:\/\/zonaroja.com.mx\/index.php?rest_route=\/wp\/v2\/users\/2"}],"replies":[{"embeddable":true,"href":"https:\/\/zonaroja.com.mx\/index.php?rest_route=%2Fwp%2Fv2%2Fcomments&post=65966"}],"version-history":[{"count":1,"href":"https:\/\/zonaroja.com.mx\/index.php?rest_route=\/wp\/v2\/posts\/65966\/revisions"}],"predecessor-version":[{"id":65967,"href":"https:\/\/zonaroja.com.mx\/index.php?rest_route=\/wp\/v2\/posts\/65966\/revisions\/65967"}],"wp:featuredmedia":[{"embeddable":true,"href":"https:\/\/zonaroja.com.mx\/index.php?rest_route=\/wp\/v2\/media\/65965"}],"wp:attachment":[{"href":"https:\/\/zonaroja.com.mx\/index.php?rest_route=%2Fwp%2Fv2%2Fmedia&parent=65966"}],"wp:term":[{"taxonomy":"category","embeddable":true,"href":"https:\/\/zonaroja.com.mx\/index.php?rest_route=%2Fwp%2Fv2%2Fcategories&post=65966"},{"taxonomy":"post_tag","embeddable":true,"href":"https:\/\/zonaroja.com.mx\/index.php?rest_route=%2Fwp%2Fv2%2Ftags&post=65966"}],"curies":[{"name":"wp","href":"https:\/\/api.w.org\/{rel}","templated":true}]}}