{"id":65970,"date":"2024-03-05T17:49:36","date_gmt":"2024-03-05T23:49:36","guid":{"rendered":"http:\/\/www.zonaroja.com.mx\/?p=65970"},"modified":"2024-03-05T17:49:37","modified_gmt":"2024-03-05T23:49:37","slug":"opinion-elecciones-2024-el-factor-alejandro-aviles","status":"publish","type":"post","link":"https:\/\/zonaroja.com.mx\/?p=65970","title":{"rendered":"Opini\u00f3n. Elecciones 2024: el factor Alejandro Avil\u00e9s"},"content":{"rendered":"\n<p>Adri\u00e1n Ortiz Romero*<\/p>\n\n\n\n<p>Alejandro Avil\u00e9s \u00c1lvarez fue postulado por el Partido Verde en la lista de candidatos a diputaciones federales por el principio de representaci\u00f3n proporcional. Ello fue resultado de un conjunto de c\u00e1lculos que parecieron conducir a todos los involucrados a la necesidad de un pase arriesgado: El cuenque\u00f1o para conseguir una salida decorosa de su partido ante la marginaci\u00f3n de la que fue objeto; y las fuerzas oficialistas para avanzar en la consolidaci\u00f3n de sus candidatos&nbsp;y perspectivas rumbo a la jornada electoral de junio pr\u00f3ximo.&nbsp;<\/p>\n\n\n\n<p>En efecto, vale la pena comprender este movimiento, dentro de la pl\u00e9yade de escarceos que est\u00e1n ocurriendo tanto entre el oficialismo y la oposici\u00f3n, como en los rejuegos que existen&nbsp;al interior de&nbsp;los partidos integrantes de la coalici\u00f3n Sigamos Haciendo Historia&nbsp;en la entidad.&nbsp;<\/p>\n\n\n\n<p>Queda claro que, como siempre, Avil\u00e9s podr\u00eda ser funcional&nbsp;a algunas de las fuerzas integrantes de la alianza oficialista, igual que como en su tiempo lo fue para el PRI. As\u00ed, si en el tricolor fue un operador electoral eficaz, ahora habr\u00eda sido fichado o contratado para algo&nbsp;m\u00e1s o&nbsp;menos parecido.<\/p>\n\n\n\n<p>Y es&nbsp;que,&nbsp;en el PRI, Avil\u00e9s nunca fue un l\u00edder sino un operador. \u00bfCu\u00e1l es la diferencia? Que el primero atrae adeptos y el segundo resuelve problemas que le encomiendan. Por eso, a lo largo de varios lustros Avil\u00e9s fue un resuelto operador priista al que le encargaban estructuras o candidatos y \u00e9l deb\u00eda entregar un resultado. As\u00ed fue como escal\u00f3 desde los s\u00f3tanos priistas, primero hasta&nbsp;la Secretar\u00eda de Elecciones del Comit\u00e9 Directivo Estatal, luego a cargos de elecci\u00f3n popular y finalmente a la coordinaci\u00f3n de la bancada priista en el Congreso del Estado.<\/p>\n\n\n\n<p>En esa misma l\u00f3gica, fue como el cuenque\u00f1o lleg\u00f3 a ser candidato a la gubernatura. En ese lenguaje descuidado e imprudente que caracteriz\u00f3 a muchos priistas en los \u00faltimos tiempos, se lleg\u00f3 a decir&nbsp;que,&nbsp;si Morena postulaba a Salom\u00f3n Jara, el PRI har\u00eda lo propio con Avil\u00e9s \u201cporque para que la cu\u00f1a apriete&nbsp;\u2014dec\u00edan\u2014, debe ser del mismo palo\u201d. Ello, evidentemente, ten\u00eda todo menos una connotaci\u00f3n positiva o tranquilizante. Otros, a\u00fan m\u00e1s atrevidos, llegaron a decir que el priista se hab\u00eda ganado la candidatura por ser el m\u00e1s ma\u00f1oso de todos, porque s\u00f3lo as\u00ed se le podr\u00eda hacer frente a Morena.<\/p>\n\n\n\n<p>Lo cierto es que Avil\u00e9s no s\u00f3lo no logr\u00f3 hacerle frente a Morena como candidato a Gobernador&nbsp;\u2014perdi\u00f3 la elecci\u00f3n de 2022, tres a uno frente a Salom\u00f3n Jara\u2014&nbsp;sino que adem\u00e1s se gan\u00f3 la marginaci\u00f3n del tricolor. No fue incluido en ninguna lista de representaci\u00f3n proporcional; no logr\u00f3 ser candidato al Senado, y \u00e9l y su grupo fueron pr\u00e1cticamente echados de la dirigencia estatal priista que a\u00fan preservaban en la persona de Javier&nbsp;Villaca\u00f1a.<\/p>\n\n\n\n<p>El PRI, hoy, est\u00e1 en la postura de que ning\u00fan militante vale m\u00e1s que su propio voto, y por eso no est\u00e1n preocupados por esas fracturas. Ellos, dicen los que conocen, ya no est\u00e1n preocupados por el resultado de este a\u00f1o, sino que m\u00e1s bien tienen las miras puestas en la elecci\u00f3n federal de 2030. Por eso, las renuncias son m\u00e1s bien vistas como un proceso casi natural de profilaxis pol\u00edtica,&nbsp;en&nbsp;la&nbsp;que s\u00f3lo se quedar\u00e1n los que entiendan el panorama y la estrategia del dirigente nacional Alejandro Moreno C\u00e1rdenas para llegar, \u00e9l y su grupo, a la siguiente sucesi\u00f3n presidencial.<\/p>\n\n\n\n<p>EL BRINCO A LA OPOSICI\u00d3N&nbsp;<\/p>\n\n\n\n<p>Alejandro Avil\u00e9s sali\u00f3 del PRI por la puerta de atr\u00e1s. No renunci\u00f3 ni hizo pronunciamiento alguno. S\u00f3lo un d\u00eda apareci\u00f3 postulado por el Partido Verde, y eso t\u00e1citamente se tom\u00f3 como la renuncia a su militancia. Anoche fue presentado,&nbsp;en la Ciudad de M\u00e9xico,&nbsp;Eduardo Rojas Zavaleta como coordinador de la bancada priista en la Legislatura del Estado.&nbsp;Y ya. Ese fue el fin de la historia de Avil\u00e9s en el PRI.<\/p>\n\n\n\n<p>\u00bfEllo es as\u00ed de simple? Habr\u00e1 que leer m\u00e1s entre l\u00edneas. Avil\u00e9s no provoc\u00f3 una lluvia de renuncias como se esperaba&nbsp;\u2014y como \u00e9l mismo intent\u00f3 hacerlo.&nbsp;De hecho, ninguno de los integrantes de la bancada tricolor en el Congreso local lo sigui\u00f3. Rojas consigui\u00f3 la coordinaci\u00f3n de la bancada; Fredy Gil ser\u00e1 candidato en Xoxocotl\u00e1n; Lizbeth Concha ser\u00e1 candidata a diputada local por la v\u00eda plurinominal; y Mar\u00eda Luisa Matus fue la \u00fanica que nunca dio muestras de querer separarse de su bancada o de su partido.<\/p>\n\n\n\n<p>As\u00ed, \u00bfsi Avil\u00e9s no se llev\u00f3 a ning\u00fan priista de prosapia, entonces fue un mal fichaje del grupo gobernante? Ello&nbsp;habr\u00e1 que verlo en el tiempo. Lo mandaron como candidato del Partido Verde porque ah\u00ed necesitan los votos&nbsp;\u2014ojo, votos y no figuras\u2014&nbsp;que \u00e9l prometi\u00f3 gestionar para los comicios de junio pr\u00f3ximo. El grupo gobernante quiere que la candidata del Verde al Senado&nbsp;\u2014Laura Estrada Mauro\u2014&nbsp;sea la que gane el acceso al esca\u00f1o de primera minor\u00eda por la entidad, para evitar que el PT se cuele a dicha posici\u00f3n. \u00bfC\u00f3mo lo&nbsp;lograr\u00eda? A trav\u00e9s de un operador. Y hay quienes piensan que Avil\u00e9s puede&nbsp;serlo.&nbsp;<\/p>\n\n\n\n<p>De ah\u00ed que una de las ideas m\u00e1s sostenidas de su migraci\u00f3n al Partido Verde,&nbsp;es que&nbsp;Avil\u00e9s se convertir\u00e1 en una especie de coordinador de campa\u00f1a de facto de la&nbsp;Candidata al Senado, independientemente de si ella quiere o no, y tambi\u00e9n al margen de que la propia Estrada Mauro tenga ya trabajo pol\u00edtico que la sostenga en las ocho regiones del Estado.&nbsp;Siempre necesitan m\u00e1s.&nbsp;<\/p>\n\n\n\n<p>L\u00f3gicamente esto \u00faltimo es irreal: a la tambi\u00e9n&nbsp;cuenque\u00f1adif\u00edcilmente la conocen fuera de su regi\u00f3n; como representante popular aport\u00f3 poqu\u00edsimos elementos al trabajo de estructuras de Morena. Y su \u00fanico gran activo es la lealtad incondicional que le tiene al Gobernador Jara, y a la determinaci\u00f3n de \u00e9ste de hacerla candidata al Senado, y tratar de que gane algo.<\/p>\n\n\n\n<p>De ah\u00ed parece abrirse paso la necesidad de ficharle un coordinador de campa\u00f1a que conozca&nbsp;todas&nbsp;las regiones; que sea capaz de cobrar y comprometer favores&nbsp;\u2014cosa que Avil\u00e9s sabe hacer perfectamente cuando tiene m\u00e1rgenes de maniobra\u2014&nbsp;a cambio de votos; y que no deban pagar curvasde aprendizaje.&nbsp;<\/p>\n\n\n\n<p>\u00bfAvil\u00e9s le vendi\u00f3 humo al grupo gobernante? Eso lo veremos en el tiempo y en los n\u00fameros. \u00c9l ya cobr\u00f3 por adelantado con su postulaci\u00f3n como&nbsp;candidato a&nbsp;diputado&nbsp;federal. Aunque esto \u00faltimo, en el mediano plazo&nbsp;le va a salir igual de caro pol\u00edticamente hablando&nbsp;\u2014la indiferencia&nbsp;y la frontal&nbsp;repugnancia&nbsp;de los duros del movimiento,&nbsp;que rechazan a los tr\u00e1nsfugas\u2014,&nbsp;que como&nbsp;les&nbsp;ha salido a los dem\u00e1s priistas que recientemente brincaron a Morena. Ejemplos hay por montones.<\/p>\n\n\n\n<p>EPITAFIO&nbsp;<\/p>\n\n\n\n<p>\u00bfQui\u00e9n le habr\u00e1 gestionado el acercamiento a Avil\u00e9s con el Ni\u00f1o Verde? Nombres, nombres, nombres\u2026&nbsp;<\/p>\n\n\n\n<p>@ortizromeroc<\/p>\n\n\n\n<p>@columnaalmargen<\/p>\n\n\n\n<p>columnaalmargen.mx<\/p>\n","protected":false},"excerpt":{"rendered":"<p>Adri\u00e1n Ortiz Romero* Alejandro Avil\u00e9s \u00c1lvarez fue postulado por el Partido Verde en la lista&hellip;<\/p>\n","protected":false},"author":2,"featured_media":41727,"comment_status":"closed","ping_status":"open","sticky":false,"template":"","format":"standard","meta":{"_lmt_disableupdate":"","_lmt_disable":"","_jetpack_memberships_contains_paid_content":false,"footnotes":""},"categories":[456,109],"tags":[2994],"class_list":["post-65970","post","type-post","status-publish","format-standard","has-post-thumbnail","hentry","category-columna","category-minuto-a-minuto","tag-adrian-ortiz-romero-cuevas"],"jetpack_featured_media_url":"https:\/\/zonaroja.com.mx\/wp-content\/uploads\/2022\/05\/268ff40f-0d29-460d-b639-fc8eebaa17a4.jpg","jetpack_sharing_enabled":true,"_links":{"self":[{"href":"https:\/\/zonaroja.com.mx\/index.php?rest_route=\/wp\/v2\/posts\/65970","targetHints":{"allow":["GET"]}}],"collection":[{"href":"https:\/\/zonaroja.com.mx\/index.php?rest_route=\/wp\/v2\/posts"}],"about":[{"href":"https:\/\/zonaroja.com.mx\/index.php?rest_route=\/wp\/v2\/types\/post"}],"author":[{"embeddable":true,"href":"https:\/\/zonaroja.com.mx\/index.php?rest_route=\/wp\/v2\/users\/2"}],"replies":[{"embeddable":true,"href":"https:\/\/zonaroja.com.mx\/index.php?rest_route=%2Fwp%2Fv2%2Fcomments&post=65970"}],"version-history":[{"count":1,"href":"https:\/\/zonaroja.com.mx\/index.php?rest_route=\/wp\/v2\/posts\/65970\/revisions"}],"predecessor-version":[{"id":65971,"href":"https:\/\/zonaroja.com.mx\/index.php?rest_route=\/wp\/v2\/posts\/65970\/revisions\/65971"}],"wp:featuredmedia":[{"embeddable":true,"href":"https:\/\/zonaroja.com.mx\/index.php?rest_route=\/wp\/v2\/media\/41727"}],"wp:attachment":[{"href":"https:\/\/zonaroja.com.mx\/index.php?rest_route=%2Fwp%2Fv2%2Fmedia&parent=65970"}],"wp:term":[{"taxonomy":"category","embeddable":true,"href":"https:\/\/zonaroja.com.mx\/index.php?rest_route=%2Fwp%2Fv2%2Fcategories&post=65970"},{"taxonomy":"post_tag","embeddable":true,"href":"https:\/\/zonaroja.com.mx\/index.php?rest_route=%2Fwp%2Fv2%2Ftags&post=65970"}],"curies":[{"name":"wp","href":"https:\/\/api.w.org\/{rel}","templated":true}]}}