{"id":65972,"date":"2024-03-05T19:52:43","date_gmt":"2024-03-06T01:52:43","guid":{"rendered":"http:\/\/www.zonaroja.com.mx\/?p=65972"},"modified":"2024-03-05T19:52:44","modified_gmt":"2024-03-06T01:52:44","slug":"feminicidios-imparables-en-oaxaca-hoy-otro-en-miahuatlan","status":"publish","type":"post","link":"https:\/\/zonaroja.com.mx\/?p=65972","title":{"rendered":"Feminicidios imparables en Oaxaca; hoy otro en Miahuatl\u00e1n"},"content":{"rendered":"\n<p>Ismael Garc\u00eda M.\/Zona Roja.<\/p>\n\n\n\n<p>Oaxaca de Ju\u00e1rez, Oax., a 5 de marzo de 2024.- La ola feminicida contin\u00faa imparable en Oaxaca.<\/p>\n\n\n\n<p>En Miahuatl\u00e1n de Porfirio D\u00edaz, municipio de la regi\u00f3n Sierra Sur del estado, fue asesinada a balazos una mujer, cerca de la comandancia municipal.<\/p>\n\n\n\n<p>La v\u00edctima, a\u00fan no identificada, fue atacada a balazos en c\u00e9ntricas calles de la cabecera municipal, tras lo cual fue trasladada a la cl\u00ednica IMSS Bienestar.<\/p>\n\n\n\n<p>Sin embargo en las primeras horas de este martes, se inform\u00f3 que perdi\u00f3 la vida debido a la gravedad de las lesiones.<\/p>\n\n\n\n<p>Hasta el momento no hay ninguna persona detenida por este caso y la Fiscal\u00eda General del Estado de Oaxaca inici\u00f3 las investigaciones bajo los protocolos de feminicidio.<\/p>\n\n\n\n<p>Con este suman tres asesinatos de mujeres en Miahuatl\u00e1n de Porfirio D\u00edaz, pese a lo cual, el gobierno municipal que encabeza Jos\u00e9 Alberto Mart\u00ednez Luna, no ha implementado ninguna acci\u00f3n para brindar seguridad a las mujeres.<\/p>\n\n\n\n<p>El edil forma parte de la organizaci\u00f3n social Frente Popular Revolucionario y de la Red Estatal de V\u00edctimas \u201cTom\u00e1s Mart\u00ednez\u201d \u2014nombre de su padre\u2014, que continuamente se moviliza para exigir justicia por asesinatos \u00fanicamente de sus militantes.<\/p>\n","protected":false},"excerpt":{"rendered":"<p>Ismael Garc\u00eda M.\/Zona Roja. Oaxaca de Ju\u00e1rez, Oax., a 5 de marzo de 2024.- La&hellip;<\/p>\n","protected":false},"author":2,"featured_media":17537,"comment_status":"closed","ping_status":"open","sticky":false,"template":"","format":"standard","meta":{"_lmt_disableupdate":"","_lmt_disable":"","_jetpack_memberships_contains_paid_content":false,"footnotes":""},"categories":[109,51],"tags":[610,3149],"class_list":["post-65972","post","type-post","status-publish","format-standard","has-post-thumbnail","hentry","category-minuto-a-minuto","category-zona-roja","tag-feminicidios-oaxaca","tag-miahutlan-de-porfirio-diaz"],"jetpack_featured_media_url":"https:\/\/zonaroja.com.mx\/wp-content\/uploads\/2020\/09\/Asesinato-mujer-feminicidio.jpg","jetpack_sharing_enabled":true,"_links":{"self":[{"href":"https:\/\/zonaroja.com.mx\/index.php?rest_route=\/wp\/v2\/posts\/65972","targetHints":{"allow":["GET"]}}],"collection":[{"href":"https:\/\/zonaroja.com.mx\/index.php?rest_route=\/wp\/v2\/posts"}],"about":[{"href":"https:\/\/zonaroja.com.mx\/index.php?rest_route=\/wp\/v2\/types\/post"}],"author":[{"embeddable":true,"href":"https:\/\/zonaroja.com.mx\/index.php?rest_route=\/wp\/v2\/users\/2"}],"replies":[{"embeddable":true,"href":"https:\/\/zonaroja.com.mx\/index.php?rest_route=%2Fwp%2Fv2%2Fcomments&post=65972"}],"version-history":[{"count":1,"href":"https:\/\/zonaroja.com.mx\/index.php?rest_route=\/wp\/v2\/posts\/65972\/revisions"}],"predecessor-version":[{"id":65973,"href":"https:\/\/zonaroja.com.mx\/index.php?rest_route=\/wp\/v2\/posts\/65972\/revisions\/65973"}],"wp:featuredmedia":[{"embeddable":true,"href":"https:\/\/zonaroja.com.mx\/index.php?rest_route=\/wp\/v2\/media\/17537"}],"wp:attachment":[{"href":"https:\/\/zonaroja.com.mx\/index.php?rest_route=%2Fwp%2Fv2%2Fmedia&parent=65972"}],"wp:term":[{"taxonomy":"category","embeddable":true,"href":"https:\/\/zonaroja.com.mx\/index.php?rest_route=%2Fwp%2Fv2%2Fcategories&post=65972"},{"taxonomy":"post_tag","embeddable":true,"href":"https:\/\/zonaroja.com.mx\/index.php?rest_route=%2Fwp%2Fv2%2Ftags&post=65972"}],"curies":[{"name":"wp","href":"https:\/\/api.w.org\/{rel}","templated":true}]}}