{"id":65974,"date":"2024-03-05T21:19:58","date_gmt":"2024-03-06T03:19:58","guid":{"rendered":"http:\/\/www.zonaroja.com.mx\/?p=65974"},"modified":"2024-03-05T21:20:00","modified_gmt":"2024-03-06T03:20:00","slug":"identifican-a-ejecutados-en-acatlan-y-en-jalapa-del-marques","status":"publish","type":"post","link":"https:\/\/zonaroja.com.mx\/?p=65974","title":{"rendered":"Identifican a ejecutados en Acatl\u00e1n y en Jalapa del Marqu\u00e9s"},"content":{"rendered":"\n<p>Raymundo Morales\/Zona Roja.<\/p>\n\n\n\n<p>Oaxaca de Ju\u00e1rez, Oax., a 5 de marzo de 2024.- Como Rogelio P. G., de 48 a\u00f1os de edad, y Joaqu\u00edn M. R., de 26 a\u00f1os de edad, fueron identificadas las personas asesinadas ayer en jurisdicci\u00f3n Acatl\u00e1n de P\u00e9rez Figueroa, en la regi\u00f3n Cuenca.<\/p>\n\n\n\n<p>Los cuerpos fueron localizados ayer por la ma\u00f1ana en la carretera a la localidad de Barbasco, a la altura del paraje \u201cChilo P\u00e9rez\u201d, en el interior de un veh\u00edculo calcinado, con placas de circulaci\u00f3n YRJ945B, del estado de Veracruz.<\/p>\n\n\n\n<p>Los cuerpos fueron reconocidos por las autoridades auxiliares de la agencia Guadalupe Reyes y hasta el momento se desconoce tanto el m\u00f3vil como la identidad del o los agresores.<\/p>\n\n\n\n<p>EN JALAPA<\/p>\n\n\n\n<p>Con respecto al caso de Santa Mar\u00eda Jalapa del Marqu\u00e9s, los dos cuerpos fueron localizados ayer, en cercan\u00edas a la supercarretera Tehuantepec-Mitla.<\/p>\n\n\n\n<p>Eran originarios de Juchit\u00e1n de Zaragoza y respond\u00edan a los nombres de Francisco G. M. y Pablo V. S.; presuntamente tienen antecedentes delictivos.<\/p>\n\n\n\n<p>Los cuerpos presentaban varios impactos de arma de fuego y tambi\u00e9n en este caso se desconoce qui\u00e9n o qui\u00e9nes los asesinaron.<\/p>\n\n\n\n<p>Ambos casos ya son investigados por la Fiscal\u00eda General del Estado de Oaxaca.<\/p>\n","protected":false},"excerpt":{"rendered":"<p>Raymundo Morales\/Zona Roja. Oaxaca de Ju\u00e1rez, Oax., a 5 de marzo de 2024.- Como Rogelio&hellip;<\/p>\n","protected":false},"author":2,"featured_media":65961,"comment_status":"closed","ping_status":"open","sticky":false,"template":"","format":"standard","meta":{"_lmt_disableupdate":"","_lmt_disable":"","_jetpack_memberships_contains_paid_content":false,"footnotes":""},"categories":[109,51],"tags":[187,123],"class_list":["post-65974","post","type-post","status-publish","format-standard","has-post-thumbnail","hentry","category-minuto-a-minuto","category-zona-roja","tag-acatlan-de-perez-figueroa","tag-juchitan-de-zaragoza"],"jetpack_featured_media_url":"https:\/\/zonaroja.com.mx\/wp-content\/uploads\/2024\/03\/Dos-calcinados-vehiculo-Acatlan.jpg","jetpack_sharing_enabled":true,"_links":{"self":[{"href":"https:\/\/zonaroja.com.mx\/index.php?rest_route=\/wp\/v2\/posts\/65974","targetHints":{"allow":["GET"]}}],"collection":[{"href":"https:\/\/zonaroja.com.mx\/index.php?rest_route=\/wp\/v2\/posts"}],"about":[{"href":"https:\/\/zonaroja.com.mx\/index.php?rest_route=\/wp\/v2\/types\/post"}],"author":[{"embeddable":true,"href":"https:\/\/zonaroja.com.mx\/index.php?rest_route=\/wp\/v2\/users\/2"}],"replies":[{"embeddable":true,"href":"https:\/\/zonaroja.com.mx\/index.php?rest_route=%2Fwp%2Fv2%2Fcomments&post=65974"}],"version-history":[{"count":1,"href":"https:\/\/zonaroja.com.mx\/index.php?rest_route=\/wp\/v2\/posts\/65974\/revisions"}],"predecessor-version":[{"id":65975,"href":"https:\/\/zonaroja.com.mx\/index.php?rest_route=\/wp\/v2\/posts\/65974\/revisions\/65975"}],"wp:featuredmedia":[{"embeddable":true,"href":"https:\/\/zonaroja.com.mx\/index.php?rest_route=\/wp\/v2\/media\/65961"}],"wp:attachment":[{"href":"https:\/\/zonaroja.com.mx\/index.php?rest_route=%2Fwp%2Fv2%2Fmedia&parent=65974"}],"wp:term":[{"taxonomy":"category","embeddable":true,"href":"https:\/\/zonaroja.com.mx\/index.php?rest_route=%2Fwp%2Fv2%2Fcategories&post=65974"},{"taxonomy":"post_tag","embeddable":true,"href":"https:\/\/zonaroja.com.mx\/index.php?rest_route=%2Fwp%2Fv2%2Ftags&post=65974"}],"curies":[{"name":"wp","href":"https:\/\/api.w.org\/{rel}","templated":true}]}}