{"id":65984,"date":"2024-03-06T10:30:00","date_gmt":"2024-03-06T16:30:00","guid":{"rendered":"http:\/\/www.zonaroja.com.mx\/?p=65984"},"modified":"2024-03-06T07:35:32","modified_gmt":"2024-03-06T13:35:32","slug":"anuncia-por-ella-por-todas-carrera-mujeres-en-movimiento-en-oaxaca","status":"publish","type":"post","link":"https:\/\/zonaroja.com.mx\/?p=65984","title":{"rendered":"Anuncia \u201cPor Ella, Por todas\u201d, carrera \u201cMujeres en Movimiento\u201d en Oaxaca"},"content":{"rendered":"\n<p>Redacci\u00f3n\/Zona Roja.<\/p>\n\n\n\n<p>Oaxaca de Ju\u00e1rez, Oax., a 6 de marzo de 2024.- En el marco del D\u00eda Internacional de la Mujer, la cofundadora del movimiento nacional, \u201cPor Ella, Por Todas\u201d, Mariana Ben\u00edtez Tiburcio, anunci\u00f3 las actividades de la carrera \u201cMujeres en Movimiento\u201d que se realizar\u00e1 el pr\u00f3ximo domingo 10 de marzo, la cual tendr\u00e1 como salida el Polideportivo \u201cVenustiano Carranza\u201d en las ramas libre varonil y femenil en distancias de 2.5 y 5 kil\u00f3metros.<\/p>\n\n\n\n<p>\u201cEs una fecha importante para hacer un llamado a la acci\u00f3n y visibilizar todos los retos que las mujeres a\u00fan vivimos como la violencia, discriminaci\u00f3n, desigualdad salarial, ataques digitales, acoso y violencia familiar; retos que nos unen para seguir luchando por los derechos y la libertad de mujeres y ni\u00f1as\u201d, sostuvo en conferencia de prensa.&nbsp;<\/p>\n\n\n\n<p>La abogada y legisladora oaxaque\u00f1a destac\u00f3 que en esta justa deportiva participar\u00e1n alrededor de dos mil hombres y mujeres en las ramas libre varonil y femenil en distancias de 2.5 y 5 kil\u00f3metros.<\/p>\n\n\n\n<p>\u201cHacemos este llamado para que se sumen hombres y mujeres para hacer conciencia. Me da mucho gusto saber que un buen n\u00famero de participantes son hombres que se unen a la lucha de las mujeres y junto con sus familias abanderan esta gran causa\u201d, agreg\u00f3.<\/p>\n\n\n\n<p>A este importante anuncio, tambi\u00e9n asisti\u00f3 Shantal Couti\u00f1o coordinadora de I Run Oaxaca y Alberto Ben\u00edtez Tiburcio representante de Teufel-Sacapalabras, adem\u00e1s se cont\u00f3 con la colaboraci\u00f3n de los patrocinadores como el &nbsp;Hotel Agrado, Fonvex, Club del Vino, Servicios Gasolineros, MC Limpieza, Izzi, Socialmente y NemoFit.<\/p>\n","protected":false},"excerpt":{"rendered":"<p>Redacci\u00f3n\/Zona Roja. Oaxaca de Ju\u00e1rez, Oax., a 6 de marzo de 2024.- En el marco&hellip;<\/p>\n","protected":false},"author":2,"featured_media":65986,"comment_status":"closed","ping_status":"open","sticky":false,"template":"","format":"standard","meta":{"_lmt_disableupdate":"","_lmt_disable":"","_jetpack_memberships_contains_paid_content":false,"footnotes":""},"categories":[109,46],"tags":[2969],"class_list":["post-65984","post","type-post","status-publish","format-standard","has-post-thumbnail","hentry","category-minuto-a-minuto","category-zona-blanca","tag-mariana-benitez-tiburcio"],"jetpack_featured_media_url":"https:\/\/zonaroja.com.mx\/wp-content\/uploads\/2024\/03\/Mariana-Benitez-carrera.jpg","jetpack_sharing_enabled":true,"_links":{"self":[{"href":"https:\/\/zonaroja.com.mx\/index.php?rest_route=\/wp\/v2\/posts\/65984","targetHints":{"allow":["GET"]}}],"collection":[{"href":"https:\/\/zonaroja.com.mx\/index.php?rest_route=\/wp\/v2\/posts"}],"about":[{"href":"https:\/\/zonaroja.com.mx\/index.php?rest_route=\/wp\/v2\/types\/post"}],"author":[{"embeddable":true,"href":"https:\/\/zonaroja.com.mx\/index.php?rest_route=\/wp\/v2\/users\/2"}],"replies":[{"embeddable":true,"href":"https:\/\/zonaroja.com.mx\/index.php?rest_route=%2Fwp%2Fv2%2Fcomments&post=65984"}],"version-history":[{"count":1,"href":"https:\/\/zonaroja.com.mx\/index.php?rest_route=\/wp\/v2\/posts\/65984\/revisions"}],"predecessor-version":[{"id":65987,"href":"https:\/\/zonaroja.com.mx\/index.php?rest_route=\/wp\/v2\/posts\/65984\/revisions\/65987"}],"wp:featuredmedia":[{"embeddable":true,"href":"https:\/\/zonaroja.com.mx\/index.php?rest_route=\/wp\/v2\/media\/65986"}],"wp:attachment":[{"href":"https:\/\/zonaroja.com.mx\/index.php?rest_route=%2Fwp%2Fv2%2Fmedia&parent=65984"}],"wp:term":[{"taxonomy":"category","embeddable":true,"href":"https:\/\/zonaroja.com.mx\/index.php?rest_route=%2Fwp%2Fv2%2Fcategories&post=65984"},{"taxonomy":"post_tag","embeddable":true,"href":"https:\/\/zonaroja.com.mx\/index.php?rest_route=%2Fwp%2Fv2%2Ftags&post=65984"}],"curies":[{"name":"wp","href":"https:\/\/api.w.org\/{rel}","templated":true}]}}