{"id":65997,"date":"2024-03-06T15:40:18","date_gmt":"2024-03-06T21:40:18","guid":{"rendered":"http:\/\/www.zonaroja.com.mx\/?p=65997"},"modified":"2024-03-06T15:40:19","modified_gmt":"2024-03-06T21:40:19","slug":"contrario-al-discurso-oficial-gobierno-de-jara-abandona-a-indigenas","status":"publish","type":"post","link":"https:\/\/zonaroja.com.mx\/?p=65997","title":{"rendered":"Contrario al discurso oficial, gobierno de Jara abandona a ind\u00edgenas"},"content":{"rendered":"\n<p>Yuridiana Sosa\/Zona Roja.<\/p>\n\n\n\n<p>Oaxaca de Ju\u00e1rez, Oax., 6 de marzo de 2024.- Autoridades y pobladores de Guadalupe Victoria, San Juan Juquila Mixe, denunciaron abandono del gobierno del morenista Salom\u00f3n Jara en derechos fundamentales como la educaci\u00f3n, suspendida desde 2017, con lo cual el coordinador de delegados de Paz, Donato Vargas, los ha enga\u00f1ado sobre su soluci\u00f3n.<\/p>\n\n\n\n<p>En conferencia de prensa en la capital del estado, los representantes de la comunidad exigieron al mandatario estatal atender sus demandas de forma personal, o de lo contrario los habitantes est\u00e1n dispuestos a una protesta y \u201ctoma\u201d del Palacio de Gobierno para ser recibidos.<\/p>\n\n\n\n<p>El delegado de Paz, Donato Varga, s\u00f3lo ha contribuido a complicar el avance de sus demandas que tambi\u00e9n incluyen el derecho a la salud, energ\u00eda el\u00e9ctrica y seguridad, se\u00f1alaron las autoridades.<\/p>\n\n\n\n<p>Incluso, ha mostrado intereses personales al pretender acreditar como agente a una persona que no vive en su comunidad, denunciaron.<\/p>\n\n\n\n<p>Por ello, demandan que el gobernador atienda sus demandas, las cuales ya hab\u00edan sido entregadas de manera formal en un pliego de peticiones desde el 9 junio de 2023, sin que sus funcionarios ofrezcan soluci\u00f3n a estas en casi nueve meses.<\/p>\n\n\n\n<p>\u201cSe\u00f1or gobernador, le pido que nos atienda, si no nos atiende de manera pac\u00edfica, tal vez para la pr\u00f3xima vamos a bloquear el Palacio de Gobierno, nuestra gente est\u00e1 cansada y desesperada\u2026 que l\u00e1stima, no es la forma viable pero ustedes nos est\u00e1n olvidando como gobierno\u201d, aseveraron los pobladores.<\/p>\n\n\n\n<p>PROBLEMAS A DETALLE<\/p>\n\n\n\n<p>Detallaron que en el aspecto de educaci\u00f3n, de la cual carecen de maestros desde el 2017, Donato Vargas se hab\u00eda comprometido que en febrero se dar\u00eda soluci\u00f3n, lo cual no ocurri\u00f3.<\/p>\n\n\n\n<p>Los padres de familia de la comunidad est\u00e1n desesperados de que sus hijos pierdan la oportunidad de estudiar en su poblaci\u00f3n.<\/p>\n\n\n\n<p>Mientras que en el tema de salud, las mujeres embarazadas han sido las m\u00e1s afectadas, con el registro de muertes de beb\u00e9s; pero los adultos mayores tambi\u00e9n necesitan ser atendidos, como una prioridad en la comunidad.<\/p>\n\n\n\n<p>\u201cEstamos cansados de tanta carencia en todos los sentidos\u201d, apuntaron.<\/p>\n\n\n\n<p>En otro sentido, los habitantes apuntaron que por defenderse, Donato Varga azuza con la creaci\u00f3n de investigaciones contra ellos, quienes solo han exigido que tambi\u00e9n haya justicia sobre el ataque violento de la cabecera, San Juan Juquila Mixe, en enero de 2017.<\/p>\n","protected":false},"excerpt":{"rendered":"<p>Yuridiana Sosa\/Zona Roja. Oaxaca de Ju\u00e1rez, Oax., 6 de marzo de 2024.- Autoridades y pobladores&hellip;<\/p>\n","protected":false},"author":2,"featured_media":65999,"comment_status":"closed","ping_status":"open","sticky":false,"template":"","format":"standard","meta":{"_lmt_disableupdate":"","_lmt_disable":"","_jetpack_memberships_contains_paid_content":false,"footnotes":""},"categories":[109,47],"tags":[2822],"class_list":["post-65997","post","type-post","status-publish","format-standard","has-post-thumbnail","hentry","category-minuto-a-minuto","category-zona-gris","tag-san-juan-juquila-mixe"],"jetpack_featured_media_url":"https:\/\/zonaroja.com.mx\/wp-content\/uploads\/2024\/03\/Conferencia-Guadalupe-Victoria-San-Juan-Juquila.jpg","jetpack_sharing_enabled":true,"_links":{"self":[{"href":"https:\/\/zonaroja.com.mx\/index.php?rest_route=\/wp\/v2\/posts\/65997","targetHints":{"allow":["GET"]}}],"collection":[{"href":"https:\/\/zonaroja.com.mx\/index.php?rest_route=\/wp\/v2\/posts"}],"about":[{"href":"https:\/\/zonaroja.com.mx\/index.php?rest_route=\/wp\/v2\/types\/post"}],"author":[{"embeddable":true,"href":"https:\/\/zonaroja.com.mx\/index.php?rest_route=\/wp\/v2\/users\/2"}],"replies":[{"embeddable":true,"href":"https:\/\/zonaroja.com.mx\/index.php?rest_route=%2Fwp%2Fv2%2Fcomments&post=65997"}],"version-history":[{"count":1,"href":"https:\/\/zonaroja.com.mx\/index.php?rest_route=\/wp\/v2\/posts\/65997\/revisions"}],"predecessor-version":[{"id":66000,"href":"https:\/\/zonaroja.com.mx\/index.php?rest_route=\/wp\/v2\/posts\/65997\/revisions\/66000"}],"wp:featuredmedia":[{"embeddable":true,"href":"https:\/\/zonaroja.com.mx\/index.php?rest_route=\/wp\/v2\/media\/65999"}],"wp:attachment":[{"href":"https:\/\/zonaroja.com.mx\/index.php?rest_route=%2Fwp%2Fv2%2Fmedia&parent=65997"}],"wp:term":[{"taxonomy":"category","embeddable":true,"href":"https:\/\/zonaroja.com.mx\/index.php?rest_route=%2Fwp%2Fv2%2Fcategories&post=65997"},{"taxonomy":"post_tag","embeddable":true,"href":"https:\/\/zonaroja.com.mx\/index.php?rest_route=%2Fwp%2Fv2%2Ftags&post=65997"}],"curies":[{"name":"wp","href":"https:\/\/api.w.org\/{rel}","templated":true}]}}