{"id":6600,"date":"2019-12-12T12:25:02","date_gmt":"2019-12-12T18:25:02","guid":{"rendered":"https:\/\/www.zonaroja.com.mx\/?p=6600"},"modified":"2019-12-12T18:53:07","modified_gmt":"2019-12-13T00:53:07","slug":"reconocen-labor-periodistica-de-oaxaquenos-a-nivel-nacional","status":"publish","type":"post","link":"https:\/\/zonaroja.com.mx\/?p=6600","title":{"rendered":"Reconocen labor period\u00edstica de oaxaque\u00f1os a nivel nacional"},"content":{"rendered":"\n<p>Redacci\u00f3n\/Zona Roja.<\/p>\n\n\n\n<p>Oaxaca de Ju\u00e1rez, Oax., 12 de diciembre de 2019.-&nbsp;Humberto Cruz Mat\u00edas, Mar\u00eda de los \u00c1ngeles Niv\u00f3n Molano, Paulina R\u00edos Olivera, Alfredo Mart\u00ednez de Aguilar y Dar\u00edo Castillejos L\u00e1zcares han sido reconocidos por su labor period\u00edstica a nivel nacional en los \u00faltimos d\u00edas, poniendo en alto el nombre de Oaxaca y del gremio.&nbsp;<\/p>\n\n\n\n<p>El pasado 3 de diciembre se dio a conocer que la Federaci\u00f3n de Asociaciones de Periodistas Mexicanos (Fapermex) le otorg\u00f3 el Premio M\u00e9xico de Periodismo \u201cRicardo Flores Mag\u00f3n\u201d 2019 al periodista y locutor de radio oaxaque\u00f1o, Humberto Cruz Mat\u00edas, por el reportaje que realiz\u00f3 sobre el caso de un joven asesinado en el Mercado de Abasto, cuyo cuerpo se negaba a entregar la Fiscal\u00eda, para que los comerciantes le dieran sepultura.<\/p>\n\n\n\n<p>El director de noticiarios de Grupo ORO cuenta tambi\u00e9n con el Premio Estatal de Periodismo en el 2001 y el Premio al M\u00e9rito Period\u00edstico 2015, entregado en el Senado de la Rep\u00fablica de periodistas a periodistas.&nbsp;<\/p>\n\n\n\n<p>Por su parte, el pasado 10 de diciembre la trayectoria de la directora del portal digital \u201cPrimera L\u00ednea\u201d y columnista oaxaque\u00f1a, Mar\u00eda de los \u00c1ngeles Niv\u00f3n, fue reconocida por la C\u00e1mara de Diputados federal y la Asociaci\u00f3n de Comunicadores por la Unidad.<\/p>\n\n\n\n<p>La destacada periodista utiliz\u00f3 sus redes sociales para dar a conocer la noticia y agradecer las muestras de cari\u00f1o recibidas por sus seguidores \u201cAgradezco a todos amigos y amigas, estimad@s ciberlector@s sus muestras de cari\u00f1o, no hay mejor reconocimiento para un periodista que el de la sociedad, los abrazo con afecto.<\/p>\n\n\n\n<p>De igual forma Alfredo Mart\u00ednez de Aguilar, director general de la revistas \u201cMujeres Sha\u00edque\u201d fue reconocido en la Ciudad de M\u00e9xico con el premio a la Trayectoria en Comunicaci\u00f3n Profesional 2019.<\/p>\n\n\n\n<p>El periodista aprovech\u00f3 la tribuna para demandar justicia para sus colegas v\u00edctimas de asesinatos, desapariciones y agresiones las cuales en su mayor\u00eda quedan impunes, as\u00ed como exigir garant\u00edas para realizar la labor sin riesgo, ya que record\u00e9 M\u00e9xico es uno de los pa\u00edses menos seguros para ejercer el periodismo.<\/p>\n\n\n\n<p>Ayer mi\u00e9rcoles se dio a conocer que el multigalardonado caricaturista oaxaque\u00f1o, Dar\u00edo Castillejos, recibi\u00f3 menci\u00f3n honor\u00edfica en el Premio Nacional de Periodismo 2018 por su trabajo titulado \u201cVaquero migratorio\u201d publicado en el peri\u00f3dico \u201cEl Imparcial\u201d.<\/p>\n\n\n\n<p>La caricatura interpreta el conflicto migratorio en varios niveles, desde la tragedia de ni\u00f1as y ni\u00f1os migrantes como si se tratara de un juego de Donald Trump, hasta el desprecio por el propio concepto de libertad por parte del actual gobierno estadounidense.<\/p>\n\n\n\n<p>Menci\u00f3n aparte merece el Premio Nacional de Locuci\u00f3n 2019 que otorg\u00f3 el pasado mes de noviembre la Asociaci\u00f3n Nacional de Locutores de M\u00e9xico, A.C., al equipo de \u201cLas Noticias Oaxaca\u201d, que se trasmiten de lunes a viernes por el canal local de Televisa, en la categor\u00eda Programa de Noticias por Televisi\u00f3n.<\/p>\n\n\n\n<p>Por otra parte, la periodista Paulina R\u00edos Olivera, fundadora y directora del sitio informativo \u201cP\u00e1gina 3\u201d, fue reconocida tambi\u00e9n reciente por la C\u00e1mara Nacional de la Industria de la Transformaci\u00f3n (Canacintra), delegaci\u00f3n Oaxaca.\u00a0<br><\/p>\n","protected":false},"excerpt":{"rendered":"<p>Redacci\u00f3n\/Zona Roja. Oaxaca de Ju\u00e1rez, Oax., 12 de diciembre de 2019.-&nbsp;Humberto Cruz Mat\u00edas, Mar\u00eda de&hellip;<\/p>\n","protected":false},"author":2,"featured_media":6599,"comment_status":"closed","ping_status":"open","sticky":false,"template":"","format":"standard","meta":{"_lmt_disableupdate":"","_lmt_disable":"","_jetpack_memberships_contains_paid_content":false,"footnotes":""},"categories":[109,46],"tags":[],"class_list":["post-6600","post","type-post","status-publish","format-standard","has-post-thumbnail","hentry","category-minuto-a-minuto","category-zona-blanca"],"jetpack_featured_media_url":"https:\/\/zonaroja.com.mx\/wp-content\/uploads\/2019\/12\/img_8312.jpg","jetpack_sharing_enabled":true,"_links":{"self":[{"href":"https:\/\/zonaroja.com.mx\/index.php?rest_route=\/wp\/v2\/posts\/6600","targetHints":{"allow":["GET"]}}],"collection":[{"href":"https:\/\/zonaroja.com.mx\/index.php?rest_route=\/wp\/v2\/posts"}],"about":[{"href":"https:\/\/zonaroja.com.mx\/index.php?rest_route=\/wp\/v2\/types\/post"}],"author":[{"embeddable":true,"href":"https:\/\/zonaroja.com.mx\/index.php?rest_route=\/wp\/v2\/users\/2"}],"replies":[{"embeddable":true,"href":"https:\/\/zonaroja.com.mx\/index.php?rest_route=%2Fwp%2Fv2%2Fcomments&post=6600"}],"version-history":[{"count":2,"href":"https:\/\/zonaroja.com.mx\/index.php?rest_route=\/wp\/v2\/posts\/6600\/revisions"}],"predecessor-version":[{"id":6611,"href":"https:\/\/zonaroja.com.mx\/index.php?rest_route=\/wp\/v2\/posts\/6600\/revisions\/6611"}],"wp:featuredmedia":[{"embeddable":true,"href":"https:\/\/zonaroja.com.mx\/index.php?rest_route=\/wp\/v2\/media\/6599"}],"wp:attachment":[{"href":"https:\/\/zonaroja.com.mx\/index.php?rest_route=%2Fwp%2Fv2%2Fmedia&parent=6600"}],"wp:term":[{"taxonomy":"category","embeddable":true,"href":"https:\/\/zonaroja.com.mx\/index.php?rest_route=%2Fwp%2Fv2%2Fcategories&post=6600"},{"taxonomy":"post_tag","embeddable":true,"href":"https:\/\/zonaroja.com.mx\/index.php?rest_route=%2Fwp%2Fv2%2Ftags&post=6600"}],"curies":[{"name":"wp","href":"https:\/\/api.w.org\/{rel}","templated":true}]}}