{"id":66003,"date":"2024-03-06T18:37:00","date_gmt":"2024-03-07T00:37:00","guid":{"rendered":"http:\/\/www.zonaroja.com.mx\/?p=66003"},"modified":"2024-03-06T17:40:51","modified_gmt":"2024-03-06T23:40:51","slug":"confirma-fiscalia-de-oaxaca-un-detenido-por-incendio-y-homicidios-en-quiavini","status":"publish","type":"post","link":"https:\/\/zonaroja.com.mx\/?p=66003","title":{"rendered":"Confirma Fiscal\u00eda de Oaxaca un detenido por incendio y homicidios en Quiavin\u00ed"},"content":{"rendered":"\n<p>Redacci\u00f3n\/Zona Roja.<\/p>\n\n\n\n<p>Oaxaca de Ju\u00e1rez, Oax., a 06 de marzo de 2024.- La Fiscal\u00eda General del Estado de Oaxaca (FGEO) realiza las investigaciones correspondientes para establecer el grado de responsabilidad de una persona del sexo masculino, por el incendio registrado el pasado 26 de febrero de 2024, en el cerro de San Lucas Quiavin\u00ed, luego que las autoridades municipales de esta poblaci\u00f3n lo pusieron a disposici\u00f3n de este organismo encargado de la procuraci\u00f3n de justicia.<\/p>\n\n\n\n<p>Conforme a la investigaci\u00f3n inicial realizada por la FGEO, a trav\u00e9s de la Vicefiscal\u00eda de Valles Centrales, de acuerdo con el C\u00f3digo Penal Vigente del Estado de Oaxaca, los delitos del fuero com\u00fan que se podr\u00edan configurar son Da\u00f1os por Incendio y Homicidio Culposo.<\/p>\n\n\n\n<p>Los hechos ocurrieron el 26 de febrero, cuando el fuego se propag\u00f3 por el cerro de Quiavin\u00ed, conflagraci\u00f3n que se prolong\u00f3 hasta el 29 de febrero de 2024, cuando finalmente qued\u00f3 sofocado gracias al trabajo conjunto de la poblaci\u00f3n civil con autoridades del gobierno estatal.<\/p>\n\n\n\n<p>Los resultados preliminares de los trabajos periciales que se realizan en la zona de los hechos, sugieren que podr\u00eda haberse generado cuando aplicaban la t\u00e9cnica de roza, tumba y quema en el paraje conocido como \u201cNesio Nii Guiavnii\u201d, que habr\u00eda sido el punto de partida de donde se propag\u00f3 el fuego, aunque la FGEO est\u00e1 a reserva de lo que se revele tras la conclusi\u00f3n de los estudios cient\u00edficos en torno al caso.<\/p>\n\n\n\n<p>Derivado de este incendio, una extensa \u00e1rea de zona forestal y cerro sufri\u00f3 da\u00f1os por el fuego, adem\u00e1s de que cinco personas del sexo masculino (pobladores de San Lucas Quiavin\u00ed) perdieron la vida cuando efectuaban labores de brigadistas tratando de controlar las llamas.<\/p>\n\n\n\n<p>Tras este incidente, fueron las autoridades de esta comunidad las que pusieron a disposici\u00f3n de la Fiscal\u00eda de Oaxaca a V. M. C., como parte de los trabajos ministeriales para establecer la verdad jur\u00eddica en torno de este hecho.<\/p>\n","protected":false},"excerpt":{"rendered":"<p>Redacci\u00f3n\/Zona Roja. Oaxaca de Ju\u00e1rez, Oax., a 06 de marzo de 2024.- La Fiscal\u00eda General&hellip;<\/p>\n","protected":false},"author":2,"featured_media":65812,"comment_status":"closed","ping_status":"open","sticky":false,"template":"","format":"standard","meta":{"_lmt_disableupdate":"","_lmt_disable":"","_jetpack_memberships_contains_paid_content":false,"footnotes":""},"categories":[109,46],"tags":[1182],"class_list":["post-66003","post","type-post","status-publish","format-standard","has-post-thumbnail","hentry","category-minuto-a-minuto","category-zona-blanca","tag-san-lucas-quiavini"],"jetpack_featured_media_url":"https:\/\/zonaroja.com.mx\/wp-content\/uploads\/2024\/02\/Incendio-San-Lucas-Quiavini.jpg","jetpack_sharing_enabled":true,"_links":{"self":[{"href":"https:\/\/zonaroja.com.mx\/index.php?rest_route=\/wp\/v2\/posts\/66003","targetHints":{"allow":["GET"]}}],"collection":[{"href":"https:\/\/zonaroja.com.mx\/index.php?rest_route=\/wp\/v2\/posts"}],"about":[{"href":"https:\/\/zonaroja.com.mx\/index.php?rest_route=\/wp\/v2\/types\/post"}],"author":[{"embeddable":true,"href":"https:\/\/zonaroja.com.mx\/index.php?rest_route=\/wp\/v2\/users\/2"}],"replies":[{"embeddable":true,"href":"https:\/\/zonaroja.com.mx\/index.php?rest_route=%2Fwp%2Fv2%2Fcomments&post=66003"}],"version-history":[{"count":1,"href":"https:\/\/zonaroja.com.mx\/index.php?rest_route=\/wp\/v2\/posts\/66003\/revisions"}],"predecessor-version":[{"id":66004,"href":"https:\/\/zonaroja.com.mx\/index.php?rest_route=\/wp\/v2\/posts\/66003\/revisions\/66004"}],"wp:featuredmedia":[{"embeddable":true,"href":"https:\/\/zonaroja.com.mx\/index.php?rest_route=\/wp\/v2\/media\/65812"}],"wp:attachment":[{"href":"https:\/\/zonaroja.com.mx\/index.php?rest_route=%2Fwp%2Fv2%2Fmedia&parent=66003"}],"wp:term":[{"taxonomy":"category","embeddable":true,"href":"https:\/\/zonaroja.com.mx\/index.php?rest_route=%2Fwp%2Fv2%2Fcategories&post=66003"},{"taxonomy":"post_tag","embeddable":true,"href":"https:\/\/zonaroja.com.mx\/index.php?rest_route=%2Fwp%2Fv2%2Ftags&post=66003"}],"curies":[{"name":"wp","href":"https:\/\/api.w.org\/{rel}","templated":true}]}}