{"id":66005,"date":"2024-03-06T17:44:07","date_gmt":"2024-03-06T23:44:07","guid":{"rendered":"http:\/\/www.zonaroja.com.mx\/?p=66005"},"modified":"2024-03-06T17:44:09","modified_gmt":"2024-03-06T23:44:09","slug":"vinculan-a-proceso-a-agresor-de-majo-la-vida-continua-y-nosotros-debemos-hacerlo-senala-victima","status":"publish","type":"post","link":"https:\/\/zonaroja.com.mx\/?p=66005","title":{"rendered":"Vinculan a proceso a agresor de Majo; \u201cLa vida contin\u00faa y nosotros debemos hacerlo\u201d, se\u00f1ala v\u00edctima"},"content":{"rendered":"\n<p>Yuridiana Sosa\/Zona Roja.<\/p>\n\n\n\n<p>Oaxaca de Ju\u00e1rez, Oax., 6 de marzo de 2024.- El agresor de Mar\u00eda Joaquina Robles, conocida como Majo, J. M. F. R., fue vinculado a proceso por el delito de Violencia Familiar, adem\u00e1s que impuso la medida cautelar de prisi\u00f3n preventiva, otorgando dos meses para el cierre de investigaci\u00f3n, inform\u00f3 este mi\u00e9rcoles la Fiscal\u00eda General del Estado.<\/p>\n\n\n\n<p>La determinaci\u00f3n se registr\u00f3 a una semana de los hechos, ocurridos el 27 de febrero en San Francisco Telixtlahuaca, mismos que quedaron evidenciados durante la transmisi\u00f3n en vivo en redes sociales que realiz\u00f3 Majo, en la que tambi\u00e9n pidi\u00f3 ayuda por las agresiones que viv\u00eda.<\/p>\n\n\n\n<p>La Fiscal\u00eda General del Estado de Oaxaca (FGEO) indic\u00f3 que obtuvo auto de vinculaci\u00f3n a proceso y prisi\u00f3n preventiva en contra de J.M.F.R., luego de su detenci\u00f3n horas despu\u00e9s de lo ocurrido, realizada las audiencias y una exhaustiva investigaci\u00f3n a trav\u00e9s de la Fiscal\u00eda Especializada para la Atenci\u00f3n de Delitos contra la Mujer por raz\u00f3n de G\u00e9nero.<\/p>\n\n\n\n<p>Majo sufri\u00f3 agresiones f\u00edsicas, sexuales y psicol\u00f3gicas, se indic\u00f3 en el comunicado.<\/p>\n\n\n\n<p>VOLVER A EMPEZAR &nbsp;&nbsp;&nbsp;&nbsp;&nbsp;&nbsp;&nbsp;&nbsp;&nbsp;&nbsp;&nbsp;&nbsp;&nbsp;&nbsp;&nbsp;&nbsp;&nbsp;&nbsp;&nbsp;&nbsp;&nbsp;&nbsp;&nbsp;&nbsp;&nbsp;&nbsp;&nbsp;&nbsp;&nbsp;&nbsp;&nbsp;&nbsp;&nbsp;&nbsp;<\/p>\n\n\n\n<p>\u201cLa vida contin\u00faa y nosotros tambi\u00e9n debemos hacerlo\u201d, se\u00f1al\u00f3 la joven madre de familia, Mar\u00eda Joaquina Robles Gonz\u00e1lez por medio de sus redes, \u201cMajo Robles Boutique\u201d, en la que se logr\u00f3 hacer transmisi\u00f3n en vivo para pedir ayuda.<\/p>\n\n\n\n<p>A una semana de lo ocurrido, Majo, emprendedora en venta de ropa, anunci\u00f3 que pese a la dif\u00edcil situaci\u00f3n que vive debe tratar de seguir con su vida, a\u00fan m\u00e1s cuando de ella dependen sus dos hijas menores.<\/p>\n\n\n\n<p>Ante eso anunci\u00f3 que volver\u00eda a realizar \u201clive de ventas\u201d e invit\u00f3 a las chicas de Oaxaca a unirse y contar con su apoyo para continuar con su emprendimiento.<\/p>\n\n\n\n<p>Mar\u00eda Joaquina comparti\u00f3 con sus seguidores que han sido d\u00edas cansados, desde levantar la denuncia, las audiencias, el estr\u00e9s y el cansancio<\/p>\n\n\n\n<p>\u201cEl proceso contin\u00faa, pero, as\u00ed como eso tiene que seguir un curso mi vida tambi\u00e9n\u201d, destac\u00f3 al referir que su vida y la de sus hijas dio&nbsp; un giro de 180 grados. \u201cYo que empezar de cero, eso s\u00ed, con m\u00e1s fuerza que nunca y con muchas ganas de salir adelante\u201d.<\/p>\n\n\n\n<p>\u201cNos hace falta todo, empezaremos a buscar donde vivir y comprar todo lo necesario para que mis ni\u00f1as vivan en condiciones dignas\u201d, respondi\u00f3 a quienes le preguntan de qu\u00e9 forma la pueden apoyar.<\/p>\n\n\n\n<p>Motivo por el cual, en un negocio del centro de la ciudad de Oaxaca una amiga suya abri\u00f3 un centro de acopio para recibir la ayuda, as\u00ed como puso a disposici\u00f3n varias cuentas para recibir apoyo econ\u00f3mico.<\/p>\n\n\n\n<p>Majo dio a conocer que desafortunadamente perdi\u00f3 hasta la oportunidad de seguir viviendo donde lo hac\u00eda.<\/p>\n\n\n\n<p>\u201cSentimiento de impotencia, enojo y tristeza al ver que todo el trabajo de m\u00e1s de 10 a\u00f1os han terminado en manos de gente que es mala\u201d, dice el mensaje en el que publica un breve video donde aparentemente se coloc\u00f3 una nueva chapa y candado a su domicilio.<\/p>\n\n\n\n<p>\u201cNo conforme con haber da\u00f1ado f\u00edsicamente, tambi\u00e9n he sido despojada de todas mis cosas materiales, empezare desde cero por mis hijas y por m\u00ed. Seguir\u00e9 trabajando hasta el cansancio para volver a levantarme\u201d, manifest\u00f3 la joven, quien en sus transmisiones en vivo solicita principalmente apoyar sus contenidos y ventas.&nbsp;<\/p>\n","protected":false},"excerpt":{"rendered":"<p>Yuridiana Sosa\/Zona Roja. Oaxaca de Ju\u00e1rez, Oax., 6 de marzo de 2024.- El agresor de&hellip;<\/p>\n","protected":false},"author":2,"featured_media":65768,"comment_status":"closed","ping_status":"open","sticky":false,"template":"","format":"standard","meta":{"_lmt_disableupdate":"","_lmt_disable":"","_jetpack_memberships_contains_paid_content":false,"footnotes":""},"categories":[109,47],"tags":[3863],"class_list":["post-66005","post","type-post","status-publish","format-standard","has-post-thumbnail","hentry","category-minuto-a-minuto","category-zona-gris","tag-majo-robles-telixtlahuaca"],"jetpack_featured_media_url":"https:\/\/zonaroja.com.mx\/wp-content\/uploads\/2024\/02\/Mujer-agredida-en-live-Telixtlahuaca.jpg","jetpack_sharing_enabled":true,"_links":{"self":[{"href":"https:\/\/zonaroja.com.mx\/index.php?rest_route=\/wp\/v2\/posts\/66005","targetHints":{"allow":["GET"]}}],"collection":[{"href":"https:\/\/zonaroja.com.mx\/index.php?rest_route=\/wp\/v2\/posts"}],"about":[{"href":"https:\/\/zonaroja.com.mx\/index.php?rest_route=\/wp\/v2\/types\/post"}],"author":[{"embeddable":true,"href":"https:\/\/zonaroja.com.mx\/index.php?rest_route=\/wp\/v2\/users\/2"}],"replies":[{"embeddable":true,"href":"https:\/\/zonaroja.com.mx\/index.php?rest_route=%2Fwp%2Fv2%2Fcomments&post=66005"}],"version-history":[{"count":1,"href":"https:\/\/zonaroja.com.mx\/index.php?rest_route=\/wp\/v2\/posts\/66005\/revisions"}],"predecessor-version":[{"id":66006,"href":"https:\/\/zonaroja.com.mx\/index.php?rest_route=\/wp\/v2\/posts\/66005\/revisions\/66006"}],"wp:featuredmedia":[{"embeddable":true,"href":"https:\/\/zonaroja.com.mx\/index.php?rest_route=\/wp\/v2\/media\/65768"}],"wp:attachment":[{"href":"https:\/\/zonaroja.com.mx\/index.php?rest_route=%2Fwp%2Fv2%2Fmedia&parent=66005"}],"wp:term":[{"taxonomy":"category","embeddable":true,"href":"https:\/\/zonaroja.com.mx\/index.php?rest_route=%2Fwp%2Fv2%2Fcategories&post=66005"},{"taxonomy":"post_tag","embeddable":true,"href":"https:\/\/zonaroja.com.mx\/index.php?rest_route=%2Fwp%2Fv2%2Ftags&post=66005"}],"curies":[{"name":"wp","href":"https:\/\/api.w.org\/{rel}","templated":true}]}}