{"id":66007,"date":"2024-03-06T17:51:54","date_gmt":"2024-03-06T23:51:54","guid":{"rendered":"http:\/\/www.zonaroja.com.mx\/?p=66007"},"modified":"2024-03-06T17:51:56","modified_gmt":"2024-03-06T23:51:56","slug":"ayotzinapa-ante-traicion-de-amlo-derriban-puerta-de-palacio-nacional","status":"publish","type":"post","link":"https:\/\/zonaroja.com.mx\/?p=66007","title":{"rendered":"Ayotzinapa: ante \u201ctraici\u00f3n\u201d de AMLO, derriban puerta de Palacio Nacional"},"content":{"rendered":"\n<p>Redacci\u00f3n\/Zona Roja Cdmx.<\/p>\n\n\n\n<p>Ciudad de M\u00e9xico, a 6 de marzo de 2024.- Un grupo de normalistas de Ayotzinapa \u2018derribaron\u2019 una de las puertas de Palacio Nacional al estampar una camioneta contra ella, seg\u00fan dijo un reportero en el programa de Ciro G\u00f3mez Leyva.<\/p>\n\n\n\n<p>Se trata de la entrada ubicada en la calle de Moneda, donde quitaron las vallas met\u00e1licas que protegen el recinto y golpearon la puerta con objetos met\u00e1licos.<\/p>\n\n\n\n<p>Luego arrojaron gas y despu\u00e9s tomaron una camioneta pick-up con logotipos de la Comisi\u00f3n Federal de Electricidad (CFE).<\/p>\n\n\n\n<p>Fue ese veh\u00edculo el que estrellaron contra la puerta para \u2018tumbarla\u2019 por lo que llegaron elementos del Ej\u00e9rcito para contenerlos.<\/p>\n\n\n\n<p>El incidente ocurri\u00f3 durante la conferencia matutina del presidente Andr\u00e9s Manuel L\u00f3pez Obrador este mi\u00e9rcoles.<\/p>\n\n\n\n<p>AMLO asegur\u00f3 que no hay ning\u00fan problema debido a que se arreglar\u00e1 la puerta y lo que quieren es provocar.<\/p>\n\n\n\n<p>\u201cEllos lo que quisieran es que salga la polic\u00eda y los enfrente\u2026 No. Yo estoy seguro en cualquier parte del pa\u00eds, a m\u00ed me cuida el pueblo\u201d, agreg\u00f3 sobre si teme sobre su seguridad en Palacio Nacional.<\/p>\n\n\n\n<p>Los normalistas de Ayotzinapa han mantenido un plant\u00f3n desde hace varios d\u00edas afuera de Palacio, incluso a pesar del evento de inicio de campa\u00f1a de Claudia Sheinbaum el viernes 1 de marzo.<\/p>\n\n\n\n<p>Los padres de los estudiantes convocaron tambi\u00e9n a organizaciones civiles a realizar manifestaciones en el Z\u00f3calo con el fin de tener un di\u00e1logo con el Gobierno del presidente L\u00f3pez Obrador.<\/p>\n\n\n\n<p>En entrevista con Ciro G\u00f3mez Leyva, Bernab\u00e9 Abraham Gaspar, padre de uno de los normalistas desaparecidos, acus\u00f3 a AMLO de traici\u00f3n debido a que los familiares de los estudiantes creyeron en \u00e9l y ahora les da la espalda. \u201cNo nos ha recibido\u201d, acus\u00f3.<\/p>\n\n\n\n<p>Vidulfo Rosales, abogado de los padres, se\u00f1al\u00f3 que desde septiembre no han avanzado con el caso. Esto despu\u00e9s de los se\u00f1alamientos de que el Ej\u00e9rcito fue responsable por omisi\u00f3n.<\/p>\n\n\n\n<p>(Informaci\u00f3n de \u201cEl Financiero\u201d)<\/p>\n\n\n\n<p><\/p>\n","protected":false},"excerpt":{"rendered":"<p>Redacci\u00f3n\/Zona Roja Cdmx. Ciudad de M\u00e9xico, a 6 de marzo de 2024.- Un grupo de&hellip;<\/p>\n","protected":false},"author":2,"featured_media":66008,"comment_status":"closed","ping_status":"open","sticky":false,"template":"","format":"standard","meta":{"_lmt_disableupdate":"","_lmt_disable":"","_jetpack_memberships_contains_paid_content":false,"footnotes":""},"categories":[109,47],"tags":[1816],"class_list":["post-66007","post","type-post","status-publish","format-standard","has-post-thumbnail","hentry","category-minuto-a-minuto","category-zona-gris","tag-43-desaparecidos-ayotzinapa"],"jetpack_featured_media_url":"https:\/\/zonaroja.com.mx\/wp-content\/uploads\/2024\/03\/Ayotzinapa-puerta-palacio-nacional.jpeg","jetpack_sharing_enabled":true,"_links":{"self":[{"href":"https:\/\/zonaroja.com.mx\/index.php?rest_route=\/wp\/v2\/posts\/66007","targetHints":{"allow":["GET"]}}],"collection":[{"href":"https:\/\/zonaroja.com.mx\/index.php?rest_route=\/wp\/v2\/posts"}],"about":[{"href":"https:\/\/zonaroja.com.mx\/index.php?rest_route=\/wp\/v2\/types\/post"}],"author":[{"embeddable":true,"href":"https:\/\/zonaroja.com.mx\/index.php?rest_route=\/wp\/v2\/users\/2"}],"replies":[{"embeddable":true,"href":"https:\/\/zonaroja.com.mx\/index.php?rest_route=%2Fwp%2Fv2%2Fcomments&post=66007"}],"version-history":[{"count":1,"href":"https:\/\/zonaroja.com.mx\/index.php?rest_route=\/wp\/v2\/posts\/66007\/revisions"}],"predecessor-version":[{"id":66009,"href":"https:\/\/zonaroja.com.mx\/index.php?rest_route=\/wp\/v2\/posts\/66007\/revisions\/66009"}],"wp:featuredmedia":[{"embeddable":true,"href":"https:\/\/zonaroja.com.mx\/index.php?rest_route=\/wp\/v2\/media\/66008"}],"wp:attachment":[{"href":"https:\/\/zonaroja.com.mx\/index.php?rest_route=%2Fwp%2Fv2%2Fmedia&parent=66007"}],"wp:term":[{"taxonomy":"category","embeddable":true,"href":"https:\/\/zonaroja.com.mx\/index.php?rest_route=%2Fwp%2Fv2%2Fcategories&post=66007"},{"taxonomy":"post_tag","embeddable":true,"href":"https:\/\/zonaroja.com.mx\/index.php?rest_route=%2Fwp%2Fv2%2Ftags&post=66007"}],"curies":[{"name":"wp","href":"https:\/\/api.w.org\/{rel}","templated":true}]}}