{"id":66014,"date":"2024-03-07T08:30:00","date_gmt":"2024-03-07T14:30:00","guid":{"rendered":"http:\/\/www.zonaroja.com.mx\/?p=66014"},"modified":"2024-03-07T07:15:06","modified_gmt":"2024-03-07T13:15:06","slug":"cae-jara-cruz-en-aprobacion-ciudadana-ocupa-lugar-mas-bajo-en-sexenio-mitofsky","status":"publish","type":"post","link":"https:\/\/zonaroja.com.mx\/?p=66014","title":{"rendered":"Cae Jara Cruz en aprobaci\u00f3n ciudadana; ocupa lugar m\u00e1s bajo en sexenio: Mitofsky"},"content":{"rendered":"\n<p>Yuridiana Sosa\/Zona Roja. Foto: Virgilio Luis.<\/p>\n\n\n\n<p>Oaxaca de Ju\u00e1rez, Oax., 7 de marzo de 2024.- El gobernador de Oaxaca, Salom\u00f3n Jara Cruz, baj\u00f3 sus niveles de aprobaci\u00f3n ciudadana durante el primer mes de 2024 en comparaci\u00f3n a diciembre de 2023, report\u00f3 Ranking Motofsky.<\/p>\n\n\n\n<p>En su m\u00e1s reciente encuesta, \u201cGobernadores y gobernadoras de M\u00e9xico\u201d, enero 2024, el mandatario estatal por Morena pas\u00f3 de 53.6 por ciento de aprobaci\u00f3n ciudadana en el \u00faltimo mes del 2023 a 52.3 por ciento en el primero de este a\u00f1o.<\/p>\n\n\n\n<p>El m\u00e1s reciente porcentaje tambi\u00e9n represent\u00f3 una disminuci\u00f3n importante en las posiciones de los gobernadores, al pasar del lugar 15 en diciembre al 21 en enero, lo que a su vez representa el lugar m\u00e1s bajo desde enero de 2023.<\/p>\n\n\n\n<p>Durante su primer a\u00f1o ordinario de gobierno, Jara Cruz logr\u00f3 alcanzar la posici\u00f3n 14 en el ranking nacional, durante el mes de mayo y septiembre, las mayores aprobaciones; seguidos de las registradas en febrero, marzo, abril y diciembre con el lugar 15; el &nbsp;16 en noviembre; el 18 en los mese de junio y julio, y en enero y octubre el lugar 19.<\/p>\n\n\n\n<p>En el desglose por regiones, en la correspondiente a la \u201cSur y Pen\u00ednsula\u201d, Salom\u00f3n Jara Cruz ocupa el tercer lugar en aprobaci\u00f3n de sus gobernantes.<\/p>\n\n\n\n<p>El primer lugar lo ocup\u00f3 Mauricio Vila de Yucat\u00e1n, con el 62.6 por ciento y el segundo, Mara Lezama de Quintana Roo, con el 56.3 por ciento de aprobaci\u00f3n.<\/p>\n","protected":false},"excerpt":{"rendered":"<p>Yuridiana Sosa\/Zona Roja. Foto: Virgilio Luis. Oaxaca de Ju\u00e1rez, Oax., 7 de marzo de 2024.-&hellip;<\/p>\n","protected":false},"author":2,"featured_media":54066,"comment_status":"closed","ping_status":"open","sticky":false,"template":"","format":"standard","meta":{"_lmt_disableupdate":"","_lmt_disable":"","_jetpack_memberships_contains_paid_content":false,"footnotes":""},"categories":[109,47],"tags":[939],"class_list":["post-66014","post","type-post","status-publish","format-standard","has-post-thumbnail","hentry","category-minuto-a-minuto","category-zona-gris","tag-salomon-jara-cruz"],"jetpack_featured_media_url":"https:\/\/zonaroja.com.mx\/wp-content\/uploads\/2023\/04\/Salomon-Jara-Cruz.Foto-Virgilio-Luisjpeg.jpeg","jetpack_sharing_enabled":true,"_links":{"self":[{"href":"https:\/\/zonaroja.com.mx\/index.php?rest_route=\/wp\/v2\/posts\/66014","targetHints":{"allow":["GET"]}}],"collection":[{"href":"https:\/\/zonaroja.com.mx\/index.php?rest_route=\/wp\/v2\/posts"}],"about":[{"href":"https:\/\/zonaroja.com.mx\/index.php?rest_route=\/wp\/v2\/types\/post"}],"author":[{"embeddable":true,"href":"https:\/\/zonaroja.com.mx\/index.php?rest_route=\/wp\/v2\/users\/2"}],"replies":[{"embeddable":true,"href":"https:\/\/zonaroja.com.mx\/index.php?rest_route=%2Fwp%2Fv2%2Fcomments&post=66014"}],"version-history":[{"count":1,"href":"https:\/\/zonaroja.com.mx\/index.php?rest_route=\/wp\/v2\/posts\/66014\/revisions"}],"predecessor-version":[{"id":66015,"href":"https:\/\/zonaroja.com.mx\/index.php?rest_route=\/wp\/v2\/posts\/66014\/revisions\/66015"}],"wp:featuredmedia":[{"embeddable":true,"href":"https:\/\/zonaroja.com.mx\/index.php?rest_route=\/wp\/v2\/media\/54066"}],"wp:attachment":[{"href":"https:\/\/zonaroja.com.mx\/index.php?rest_route=%2Fwp%2Fv2%2Fmedia&parent=66014"}],"wp:term":[{"taxonomy":"category","embeddable":true,"href":"https:\/\/zonaroja.com.mx\/index.php?rest_route=%2Fwp%2Fv2%2Fcategories&post=66014"},{"taxonomy":"post_tag","embeddable":true,"href":"https:\/\/zonaroja.com.mx\/index.php?rest_route=%2Fwp%2Fv2%2Ftags&post=66014"}],"curies":[{"name":"wp","href":"https:\/\/api.w.org\/{rel}","templated":true}]}}