{"id":66020,"date":"2024-03-07T13:30:00","date_gmt":"2024-03-07T19:30:00","guid":{"rendered":"http:\/\/www.zonaroja.com.mx\/?p=66020"},"modified":"2024-03-07T07:19:29","modified_gmt":"2024-03-07T13:19:29","slug":"cuatro-de-cada-10-ataques-a-periodistas-proviene-de-funcionarios-publicos","status":"publish","type":"post","link":"https:\/\/zonaroja.com.mx\/?p=66020","title":{"rendered":"Cuatro de cada 10 ataques a periodistas proviene de funcionarios p\u00fablicos"},"content":{"rendered":"\n<p>Redacci\u00f3n\/Zona Roja.<\/p>\n\n\n\n<p>Oaxaca de Ju\u00e1rez, Oax., a 7 de marzo de 2024.- Cuatro de cada 10 ataques contra periodistas y otro personal de medios de comunicaci\u00f3n en M\u00e9xico, hab\u00edan sido obra probablemente de funcionarios p\u00fablicos, revelaron datos de Amnist\u00eda Internacional.<\/p>\n\n\n\n<p>En su informe titulado \u00abNadie garantiza mi seguridad\u00bb: La urgente necesidad de fortalecer las pol\u00edticas federales de M\u00e9xico para la protecci\u00f3n de periodistas, la organizaci\u00f3n revel\u00f3 que, desde octubre del 2012 a noviembre del 2023, el Mecanismo de Protecci\u00f3n para Personas Defensoras de Derechos Humanos y Periodistas de M\u00e9xico registr\u00f3 un total 834 ataques.<\/p>\n\n\n\n<p>De este total, el Mecanismo concluy\u00f3 que 356 (43%) hab\u00edan sido obra probablemente de funcionarios p\u00fablicos y 276 (33%) de actores no estatales, incluidos, entre otros, grupos de delincuencia organizada.<\/p>\n\n\n\n<p>Mientras que, el informe detall\u00f3 que el Mecanismo no pudo identificar a los probables culpables de los restantes 202 (24%) incidentes.<\/p>\n\n\n\n<p>\u201cA pesar del elevado n\u00famero de ataques contra la prensa, desde 2012 hasta diciembre de 2023, la Fiscal\u00eda Especial para la Atenci\u00f3n de Delitos cometidos contra la Libertad de Expresi\u00f3n (Feadle) logr\u00f3 que se dictaran \u00fanicamente 37 sentencias condenatorias por delitos contra periodistas, incluidas amenazas, robos, tortura y homicidios, con condenas de entre 2 d\u00edas y 50 a\u00f1os de prisi\u00f3n\u201d, revel\u00f3 el informe.<\/p>\n\n\n\n<p>De ese total, la organizaci\u00f3n indic\u00f3 que la Feadle s\u00f3lo logr\u00f3 ocho condenas por asesinatos de periodistas en dicho periodo.<\/p>\n\n\n\n<p>\u201cLa impunidad es un factor clave en la violencia contra periodistas en M\u00e9xico, pues la inmensa mayor\u00eda de los ataques quedan sin castigo. En las contadas ocasiones en que las autoridades logran que se dicten sentencias condenatorias, suele ser contra quienes llevaron a cabo los ataques, pero no contra quienes los ordenaron\u201d, se puede leer en el informe.<\/p>\n\n\n\n<p>Homicidios<\/p>\n\n\n\n<p>Respecto al total de los asesinatos de comunicadores en nuestro pa\u00eds, el informe indic\u00f3 que las cifras var\u00edan notablemente incluso entre las autoridades federales.<\/p>\n\n\n\n<p>VAN 86 ASESINATOS<\/p>\n\n\n\n<p>Por una parte, la Feadle registr\u00f3 86 asesinatos de periodistas desde 2012 hasta diciembre de 2023. De estos casos, consider\u00f3 que 30 de los asesinatos guardaban relaci\u00f3n con el ejercicio de la profesi\u00f3n period\u00edstica.<\/p>\n\n\n\n<p>Mientras que la Secretar\u00eda de Gobernaci\u00f3n (Segob) registr\u00f3 166 asesinatos de periodistas, sin especificar cu\u00e1ntos de ellos estaban vinculados al trabajo de las v\u00edctimas, desde 2012 hasta octubre de 2022.<\/p>\n\n\n\n<p>Finalmente, el Comit\u00e9 para la Protecci\u00f3n de los Periodistas (CPJ, por su sigla en ingl\u00e9s) ha registrado 88 asesinatos de periodistas y otro personal de medios de comunicaci\u00f3n en nuestro pa\u00eds desde 2012 y ha verificado que el asesinato de 37 de esas personas guardaba relaci\u00f3n con su trabajo.<\/p>\n\n\n\n<p>\u201cLas diferencias entre estos conjuntos de cifras pueden deberse en parte a que la Feadle no incluye las cifras de las fiscal\u00edas estatales. No obstante, revelan una falta de claridad y coordinaci\u00f3n entre las instituciones federales y locales que podr\u00eda menoscabar los esfuerzos para dise\u00f1ar e implementar medidas de protecci\u00f3n efectiva\u201d, consider\u00f3 la organizaci\u00f3n en su an\u00e1lisis.<\/p>\n\n\n\n<p>MECANISMO FALLIDO<\/p>\n\n\n\n<p>En esta investigaci\u00f3n conjunta de Amnist\u00eda Internacional y el Comit\u00e9 para la Protecci\u00f3n de los Periodistas, se inform\u00f3 que, desde octubre de 2012 hasta el 30 de noviembre de 2023, el Mecanismo de Protecci\u00f3n recibi\u00f3 un total 943 solicitudes de protecci\u00f3n de periodistas y otro personal de los medios de comunicaci\u00f3n.<\/p>\n\n\n\n<p>Sin embargo, no todas han sido aceptadas, pues el Mecanismo, bajo la supervisi\u00f3n de la Segob, aprob\u00f3 762 de estas solicitudes y rechaz\u00f3 181.<\/p>\n\n\n\n<p>De acuerdo con el an\u00e1lisis de las organizaciones, el n\u00famero de rechazos ha aumentado notablemente en los \u00faltimos a\u00f1os, pues en el 2020 se registr\u00f3 uno, para el 2021 se documentaron 14.<\/p>\n\n\n\n<p>En el 2022, la cifra se dispar\u00f3 hasta 49 casos y para los primeros 11 meses del 2023, las organizaciones documentaron un total de 49.<\/p>\n\n\n\n<p>CASOS RELEVANTES<\/p>\n\n\n\n<p>Ante las cifras ya mencionadas, ambas instituciones ejemplificaron con tres casos las graves deficiencias en la gesti\u00f3n de las situaciones de alto riesgo por parte del Mecanismo.<\/p>\n\n\n\n<p>El primero es el de Rub\u00e9n Pat Cauich, periodista que muri\u00f3 por disparos en Playa del Carmen, estado de Quintana Roo, el 24 de julio de 2018, apenas dos meses despu\u00e9s de inscribirse en el Mecanismo.<\/p>\n\n\n\n<p>Otro de los casos es el de Gustavo S\u00e1nchez, periodista que solicit\u00f3 su inscripci\u00f3n en el Mecanismo m\u00e1s de 13 meses antes de morir por disparos cerca de su domicilio en Morro de Mazat\u00e1n, estado de Oaxaca, el 17 de junio de 2021.<\/p>\n\n\n\n<p>Sin embargo, el Mecanismo se demor\u00f3 m\u00e1s de ocho meses en aprobar su solicitud.<\/p>\n\n\n\n<p>Finalmente, el Mecanismo de protecci\u00f3n decidi\u00f3, en agosto del 2023, que Alberto Amaro Jord\u00e1n, periodista de Tlaxcala, ya no estaba en peligro, pese a que ha sido golpeado, amenazado, detenido por agentes de polic\u00eda e intimidado por presuntos miembros de un c\u00e1rtel de la droga.<\/p>\n\n\n\n<p>(Informaci\u00f3n de \u201cEl Economista\u201d)<\/p>\n","protected":false},"excerpt":{"rendered":"<p>Redacci\u00f3n\/Zona Roja. Oaxaca de Ju\u00e1rez, Oax., a 7 de marzo de 2024.- Cuatro de cada&hellip;<\/p>\n","protected":false},"author":2,"featured_media":55148,"comment_status":"closed","ping_status":"open","sticky":false,"template":"","format":"standard","meta":{"_lmt_disableupdate":"","_lmt_disable":"","_jetpack_memberships_contains_paid_content":false,"footnotes":""},"categories":[109,47],"tags":[1016],"class_list":["post-66020","post","type-post","status-publish","format-standard","has-post-thumbnail","hentry","category-minuto-a-minuto","category-zona-gris","tag-asesinato-de-periodistas-en-mexico"],"jetpack_featured_media_url":"https:\/\/zonaroja.com.mx\/wp-content\/uploads\/2023\/05\/Asesinatos-periodistas-prensa-agresiones-Mexico.jpeg","jetpack_sharing_enabled":true,"_links":{"self":[{"href":"https:\/\/zonaroja.com.mx\/index.php?rest_route=\/wp\/v2\/posts\/66020","targetHints":{"allow":["GET"]}}],"collection":[{"href":"https:\/\/zonaroja.com.mx\/index.php?rest_route=\/wp\/v2\/posts"}],"about":[{"href":"https:\/\/zonaroja.com.mx\/index.php?rest_route=\/wp\/v2\/types\/post"}],"author":[{"embeddable":true,"href":"https:\/\/zonaroja.com.mx\/index.php?rest_route=\/wp\/v2\/users\/2"}],"replies":[{"embeddable":true,"href":"https:\/\/zonaroja.com.mx\/index.php?rest_route=%2Fwp%2Fv2%2Fcomments&post=66020"}],"version-history":[{"count":1,"href":"https:\/\/zonaroja.com.mx\/index.php?rest_route=\/wp\/v2\/posts\/66020\/revisions"}],"predecessor-version":[{"id":66021,"href":"https:\/\/zonaroja.com.mx\/index.php?rest_route=\/wp\/v2\/posts\/66020\/revisions\/66021"}],"wp:featuredmedia":[{"embeddable":true,"href":"https:\/\/zonaroja.com.mx\/index.php?rest_route=\/wp\/v2\/media\/55148"}],"wp:attachment":[{"href":"https:\/\/zonaroja.com.mx\/index.php?rest_route=%2Fwp%2Fv2%2Fmedia&parent=66020"}],"wp:term":[{"taxonomy":"category","embeddable":true,"href":"https:\/\/zonaroja.com.mx\/index.php?rest_route=%2Fwp%2Fv2%2Fcategories&post=66020"},{"taxonomy":"post_tag","embeddable":true,"href":"https:\/\/zonaroja.com.mx\/index.php?rest_route=%2Fwp%2Fv2%2Ftags&post=66020"}],"curies":[{"name":"wp","href":"https:\/\/api.w.org\/{rel}","templated":true}]}}