{"id":66025,"date":"2024-03-07T10:27:00","date_gmt":"2024-03-07T16:27:00","guid":{"rendered":"http:\/\/www.zonaroja.com.mx\/?p=66025"},"modified":"2024-03-07T07:45:56","modified_gmt":"2024-03-07T13:45:56","slug":"deroga-congreso-polemica-ley-que-pretendia-privatizar-ejidos-y-comunas","status":"publish","type":"post","link":"https:\/\/zonaroja.com.mx\/?p=66025","title":{"rendered":"Deroga Congreso pol\u00e9mica ley que pretend\u00eda privatizar ejidos y comunas"},"content":{"rendered":"\n<p>Redacci\u00f3n\/Zona Roja.<\/p>\n\n\n\n<p>Oaxaca de Ju\u00e1rez, Oax. A 7 de marzo de 2024.- Con 31 votos a favor, el pleno de la 65 Legislatura local aprob\u00f3 el dictamen con proyecto de decreto por el que se deroga el art\u00edculo 25 de la Ley de Ingresos del Estado de Oaxaca para el Ejercicio Fiscal 2024.<\/p>\n\n\n\n<p>Con la reforma, se elimin\u00f3 dicho art\u00edculo que establec\u00eda la implementaci\u00f3n del programa \u00abCerteza Jur\u00eddica de la Tierra para la Seguridad y Bienestar del Patrimonio\u00bb, el cual planteaba est\u00edmulos fiscales a los beneficiarios, como el 50 por ciento de los derechos contenidos en el art\u00edculo 25 fracciones I y II de la Ley Estatal de Derechos de Oaxaca y el 50% del impuesto para el Desarrollo Social.<\/p>\n\n\n\n<p>Lo anterior, de acuerdo con el dictamen emitido por la Comisi\u00f3n Permanente de Hacienda, la cual analiz\u00f3 y dictamin\u00f3 esta reforma propuesta por el Titular del Poder Ejecutivo.&nbsp;<\/p>\n\n\n\n<p>Con base a la exposici\u00f3n de motivos de la iniciativa, \u201cun est\u00edmulo fiscal es un subsidio econ\u00f3mico concedido por ley al sujeto pasivo de un impuesto, con el objeto de obtener de \u00e9l ciertos fines parafiscales, que no representa un desvanecimiento de la obligaci\u00f3n tributaria, sino que \u00e9sta es asumida por el Estado\u201d.&nbsp;<\/p>\n\n\n\n<p>Al respecto, la comisi\u00f3n dictaminadora determin\u00f3 que, \u201cen materia de est\u00edmulos fiscales es una facultad del Ejecutivo plantearlos y por ende retirarlos, es de intereses del promovente no generar incertidumbre\u201d.&nbsp;<\/p>\n\n\n\n<p>Por lo cual, en sesi\u00f3n extraordinaria de este 6 de marzo el pleno aprob\u00f3 el dictamen con proyecto de decreto, el cual entrar\u00e1 en vigor al d\u00eda siguiente de su publicaci\u00f3n en el Peri\u00f3dico Oficial del Estado de Oaxaca.&nbsp;<\/p>\n","protected":false},"excerpt":{"rendered":"<p>Redacci\u00f3n\/Zona Roja. Oaxaca de Ju\u00e1rez, Oax. A 7 de marzo de 2024.- Con 31 votos&hellip;<\/p>\n","protected":false},"author":2,"featured_media":66027,"comment_status":"closed","ping_status":"open","sticky":false,"template":"","format":"standard","meta":{"_lmt_disableupdate":"","_lmt_disable":"","_jetpack_memberships_contains_paid_content":false,"footnotes":""},"categories":[109,46],"tags":[2743],"class_list":["post-66025","post","type-post","status-publish","format-standard","has-post-thumbnail","hentry","category-minuto-a-minuto","category-zona-blanca","tag-65-legislatura-del-estado-de-oaxaca"],"jetpack_featured_media_url":"https:\/\/zonaroja.com.mx\/wp-content\/uploads\/2024\/03\/Sesion-Congreso-de-Oaxaca.jpg","jetpack_sharing_enabled":true,"_links":{"self":[{"href":"https:\/\/zonaroja.com.mx\/index.php?rest_route=\/wp\/v2\/posts\/66025","targetHints":{"allow":["GET"]}}],"collection":[{"href":"https:\/\/zonaroja.com.mx\/index.php?rest_route=\/wp\/v2\/posts"}],"about":[{"href":"https:\/\/zonaroja.com.mx\/index.php?rest_route=\/wp\/v2\/types\/post"}],"author":[{"embeddable":true,"href":"https:\/\/zonaroja.com.mx\/index.php?rest_route=\/wp\/v2\/users\/2"}],"replies":[{"embeddable":true,"href":"https:\/\/zonaroja.com.mx\/index.php?rest_route=%2Fwp%2Fv2%2Fcomments&post=66025"}],"version-history":[{"count":1,"href":"https:\/\/zonaroja.com.mx\/index.php?rest_route=\/wp\/v2\/posts\/66025\/revisions"}],"predecessor-version":[{"id":66028,"href":"https:\/\/zonaroja.com.mx\/index.php?rest_route=\/wp\/v2\/posts\/66025\/revisions\/66028"}],"wp:featuredmedia":[{"embeddable":true,"href":"https:\/\/zonaroja.com.mx\/index.php?rest_route=\/wp\/v2\/media\/66027"}],"wp:attachment":[{"href":"https:\/\/zonaroja.com.mx\/index.php?rest_route=%2Fwp%2Fv2%2Fmedia&parent=66025"}],"wp:term":[{"taxonomy":"category","embeddable":true,"href":"https:\/\/zonaroja.com.mx\/index.php?rest_route=%2Fwp%2Fv2%2Fcategories&post=66025"},{"taxonomy":"post_tag","embeddable":true,"href":"https:\/\/zonaroja.com.mx\/index.php?rest_route=%2Fwp%2Fv2%2Ftags&post=66025"}],"curies":[{"name":"wp","href":"https:\/\/api.w.org\/{rel}","templated":true}]}}