{"id":66029,"date":"2024-03-07T10:46:00","date_gmt":"2024-03-07T16:46:00","guid":{"rendered":"http:\/\/www.zonaroja.com.mx\/?p=66029"},"modified":"2024-03-07T08:19:43","modified_gmt":"2024-03-07T14:19:43","slug":"reconoce-congreso-de-oaxaca-como-heroes-a-victimas-de-quiavini","status":"publish","type":"post","link":"https:\/\/zonaroja.com.mx\/?p=66029","title":{"rendered":"Reconoce Congreso de Oaxaca como h\u00e9roes a v\u00edctimas de Quiavin\u00ed"},"content":{"rendered":"\n<p>Ismael Garc\u00eda M.\/Zona Roja.<\/p>\n\n\n\n<p>Oaxaca de Ju\u00e1rez, Oax., a 7 de marzo de 2024.- Con un minuto de silencio y un pronunciamiento de la Junta de Coordinaci\u00f3n Pol\u00edtica, el Congreso del Estado de Oaxaca reconoci\u00f3 la labor de las personas que combatieron el incendio forestal en San Lucas Quiavin\u00ed y llam\u00f3 h\u00e9roes a las cinco v\u00edctimas fatales.<\/p>\n\n\n\n<p>El acuerdo fue le\u00eddo por el presidente de la Jucopo, Sergio L\u00f3pez S\u00e1nchez, quien destac\u00f3 la relaci\u00f3n estrecha que guardan las comunidades con su entorno natural.<\/p>\n\n\n\n<p>\u201cPor ello, cuando ese entorno se ve afectado por fen\u00f3menos como los incendios, de inmediato se abocan a sofocarlo, por los da\u00f1os que provocan en los ecosistemas forestales y por la p\u00e9rdida que eso implica en los servicios ambientales\u201d, destac\u00f3.<\/p>\n\n\n\n<p>Expres\u00f3 la solidaridad y las condolencias del Poder Legislativo a los familiares de Rafael Antonio Morales, Jos\u00e9 Hern\u00e1ndez L\u00f3pez, Pedro Curiel Diego, Celso Diego y Felipe Garc\u00eda, comuneros que perdieron la vida al sofocar el incendio.<\/p>\n\n\n\n<p>\u201cPor lo que se les reconoce a estos h\u00e9roes, como defensores de la vida y del patrimonio natural del estado de Oaxaca.<\/p>\n\n\n\n<p>\u201cAsimismo, el Congreso extiende un alto reconocimiento a pueblos y comunidades, organizados que participan y combaten incendios\u201d, expuso el coordinador de la bancada del Partido Morena.<\/p>\n\n\n\n<p>Extendi\u00f3 tambi\u00e9n la distinci\u00f3n a los brigadistas de las comisiones nacional y estatal Forestal, a la Guardia Nacional, la Secretar\u00eda de la Defensa Nacional, la Marina, la Polic\u00eda Estatal, que tambi\u00e9n arriesgan su vida en la protecci\u00f3n del patrimonio natural del estado de Oaxaca<\/p>\n\n\n\n<p>\u201cNo debemos de olvidar que el ser humano, como todo ser vivo, forma parte de la naturaleza, siendo entonces nuestra obligaci\u00f3n cuidad el medio ambiente y el entorno en que vivimos\u201d, remarc\u00f3.<\/p>\n","protected":false},"excerpt":{"rendered":"<p>Ismael Garc\u00eda M.\/Zona Roja. Oaxaca de Ju\u00e1rez, Oax., a 7 de marzo de 2024.- Con&hellip;<\/p>\n","protected":false},"author":2,"featured_media":66031,"comment_status":"closed","ping_status":"open","sticky":false,"template":"","format":"standard","meta":{"_lmt_disableupdate":"","_lmt_disable":"","_jetpack_memberships_contains_paid_content":false,"footnotes":""},"categories":[109,46],"tags":[3803],"class_list":["post-66029","post","type-post","status-publish","format-standard","has-post-thumbnail","hentry","category-minuto-a-minuto","category-zona-blanca","tag-sergio-lopez-sanchez"],"jetpack_featured_media_url":"https:\/\/zonaroja.com.mx\/wp-content\/uploads\/2024\/03\/Sergio-Lopez-Sanchez.webp","jetpack_sharing_enabled":true,"_links":{"self":[{"href":"https:\/\/zonaroja.com.mx\/index.php?rest_route=\/wp\/v2\/posts\/66029","targetHints":{"allow":["GET"]}}],"collection":[{"href":"https:\/\/zonaroja.com.mx\/index.php?rest_route=\/wp\/v2\/posts"}],"about":[{"href":"https:\/\/zonaroja.com.mx\/index.php?rest_route=\/wp\/v2\/types\/post"}],"author":[{"embeddable":true,"href":"https:\/\/zonaroja.com.mx\/index.php?rest_route=\/wp\/v2\/users\/2"}],"replies":[{"embeddable":true,"href":"https:\/\/zonaroja.com.mx\/index.php?rest_route=%2Fwp%2Fv2%2Fcomments&post=66029"}],"version-history":[{"count":1,"href":"https:\/\/zonaroja.com.mx\/index.php?rest_route=\/wp\/v2\/posts\/66029\/revisions"}],"predecessor-version":[{"id":66032,"href":"https:\/\/zonaroja.com.mx\/index.php?rest_route=\/wp\/v2\/posts\/66029\/revisions\/66032"}],"wp:featuredmedia":[{"embeddable":true,"href":"https:\/\/zonaroja.com.mx\/index.php?rest_route=\/wp\/v2\/media\/66031"}],"wp:attachment":[{"href":"https:\/\/zonaroja.com.mx\/index.php?rest_route=%2Fwp%2Fv2%2Fmedia&parent=66029"}],"wp:term":[{"taxonomy":"category","embeddable":true,"href":"https:\/\/zonaroja.com.mx\/index.php?rest_route=%2Fwp%2Fv2%2Fcategories&post=66029"},{"taxonomy":"post_tag","embeddable":true,"href":"https:\/\/zonaroja.com.mx\/index.php?rest_route=%2Fwp%2Fv2%2Ftags&post=66029"}],"curies":[{"name":"wp","href":"https:\/\/api.w.org\/{rel}","templated":true}]}}